{"id":155839,"date":"2026-04-25T03:42:43","date_gmt":"2026-04-25T06:42:43","guid":{"rendered":"https:\/\/obuxixeiro.com.br\/2026\/04\/25\/falha-provoca-transtornos-a-passageiros-na-linha-9-esmeralda-em-sp\/"},"modified":"2026-04-25T03:42:43","modified_gmt":"2026-04-25T06:42:43","slug":"falha-provoca-transtornos-a-passageiros-na-linha-9-esmeralda-em-sp","status":"publish","type":"post","link":"https:\/\/obuxixeiro.com.br\/?p=155839","title":{"rendered":"Falha provoca transtornos a passageiros na Linha 9-Esmeralda em SP"},"content":{"rendered":"\n<div>\n<p><strong><em>Avaria afeta circula\u00e7\u00e3o de trens e impacta deslocamento na zona sul<\/em><\/strong><\/p>\n<p>Uma falha operacional provocou transtornos aos passageiros da Linha 9-Esmeralda, que atende a zona sul da capital paulista, afetando a circula\u00e7\u00e3o de trens em um trecho da linha.<\/p>\n<p>Segundo as informa\u00e7\u00f5es divulgadas, o problema ocorreu em um ponto espec\u00edfico da via, exigindo a ado\u00e7\u00e3o de opera\u00e7\u00e3o diferenciada, com redu\u00e7\u00e3o na velocidade dos trens e maior intervalo entre as composi\u00e7\u00f5es.<\/p>\n<p>A falha impactou diretamente o tempo de deslocamento dos passageiros, especialmente em hor\u00e1rios de maior movimento, gerando ac\u00famulo de pessoas nas plataformas e aumento no tempo de espera.<\/p>\n<p>\ud83d\ude87 TRECHO AFETADO<\/p>\n<p>A ocorr\u00eancia comprometeu a circula\u00e7\u00e3o em parte da Linha 9-Esmeralda, que liga regi\u00f5es importantes da zona sul, utilizadas diariamente por milhares de passageiros.<\/p>\n<p><strong>HostingPRESS Ag\u00eancia de Not\u00edcias de S\u00e3o Paulo<\/strong><br \/>Conte\u00fado distribu\u00eddo por nossa Central de Jornalismo<br \/>Reprodu\u00e7\u00e3o autorizada mediante cr\u00e9dito da fonte<\/p>\n<p>Portal criado para conectar os leitores da regi\u00e3o ao melhor conte\u00fado<\/p>\n<p>Somos l\u00edderes de audi\u00eancia local. Somos sociais.\u00a0Conecte-se conosco.<\/p>\n<\/p><\/div>\n<section>  \t<img alt=\"Avatar photo\" src=\"https:\/\/hostingpress.com.br\/wp-content\/uploads\/2026\/03\/cropped-Divilgacao-95x95.jpeg\"  height=\"95\" width=\"95\" decoding=\"async\">\t \t<\/p>\n<div>\n<p>Vinicius Moror\u00f3<\/p>\n<p>Editor-Executivo-Regional | Jornalista | Diretor Editorial    Editor-Executivo-Regional da HostingPress Ag\u00eancia de Not\u00edcias de S\u00e3o Paulo, com atua\u00e7\u00e3o voltada \u00e0 coordena\u00e7\u00e3o editorial regional, articula\u00e7\u00e3o com ve\u00edculos parceiros e fortalecimento da distribui\u00e7\u00e3o de conte\u00fado jornal\u00edstico no Estado de S\u00e3o Paulo.      Editor-chefe do Jornal Impacto Cotia, com foco em jornalismo investigativo, interesse p\u00fablico e an\u00e1lise cr\u00edtica de temas pol\u00edticos, sociais e institucionais.<\/p>\n<\/p><\/div>\n<\/section>\n","protected":false},"excerpt":{"rendered":"<p>Avaria afeta circula\u00e7\u00e3o de trens e impacta deslocamento na zona sul Uma falha operacional provocou transtornos aos passageiros da Linha 9-Esmeralda, que atende a zona sul da capital paulista, afetando a circula\u00e7\u00e3o de trens em um trecho da linha. Segundo as informa\u00e7\u00f5es divulgadas, o problema ocorreu em um ponto espec\u00edfico da via, exigindo a ado\u00e7\u00e3o<\/p>\n","protected":false},"author":808,"featured_media":155840,"comment_status":"closed","ping_status":"closed","sticky":false,"template":"","format":"standard","meta":{"footnotes":""},"categories":[35],"tags":[],"class_list":{"0":"post-155839","1":"post","2":"type-post","3":"status-publish","4":"format-standard","5":"has-post-thumbnail","7":"category-cidades"},"_links":{"self":[{"href":"https:\/\/obuxixeiro.com.br\/index.php?rest_route=\/wp\/v2\/posts\/155839","targetHints":{"allow":["GET"]}}],"collection":[{"href":"https:\/\/obuxixeiro.com.br\/index.php?rest_route=\/wp\/v2\/posts"}],"about":[{"href":"https:\/\/obuxixeiro.com.br\/index.php?rest_route=\/wp\/v2\/types\/post"}],"author":[{"embeddable":true,"href":"https:\/\/obuxixeiro.com.br\/index.php?rest_route=\/wp\/v2\/users\/808"}],"replies":[{"embeddable":true,"href":"https:\/\/obuxixeiro.com.br\/index.php?rest_route=%2Fwp%2Fv2%2Fcomments&post=155839"}],"version-history":[{"count":0,"href":"https:\/\/obuxixeiro.com.br\/index.php?rest_route=\/wp\/v2\/posts\/155839\/revisions"}],"wp:featuredmedia":[{"embeddable":true,"href":"https:\/\/obuxixeiro.com.br\/index.php?rest_route=\/wp\/v2\/media\/155840"}],"wp:attachment":[{"href":"https:\/\/obuxixeiro.com.br\/index.php?rest_route=%2Fwp%2Fv2%2Fmedia&parent=155839"}],"wp:term":[{"taxonomy":"category","embeddable":true,"href":"https:\/\/obuxixeiro.com.br\/index.php?rest_route=%2Fwp%2Fv2%2Fcategories&post=155839"},{"taxonomy":"post_tag","embeddable":true,"href":"https:\/\/obuxixeiro.com.br\/index.php?rest_route=%2Fwp%2Fv2%2Ftags&post=155839"}],"curies":[{"name":"wp","href":"https:\/\/api.w.org\/{rel}","templated":true}]}}