{"id":155841,"date":"2026-04-25T03:42:54","date_gmt":"2026-04-25T06:42:54","guid":{"rendered":"https:\/\/obuxixeiro.com.br\/2026\/04\/25\/justica-condena-estado-de-sp-a-pagar-r-258-mil-por-tortura-em-presidio\/"},"modified":"2026-04-25T03:42:54","modified_gmt":"2026-04-25T06:42:54","slug":"justica-condena-estado-de-sp-a-pagar-r-258-mil-por-tortura-em-presidio","status":"publish","type":"post","link":"https:\/\/obuxixeiro.com.br\/?p=155841","title":{"rendered":"Justi\u00e7a condena Estado de SP a pagar R$ 258 mil por tortura em pres\u00eddio"},"content":{"rendered":"\n<div>\n<p><strong><br \/><em>Decis\u00e3o reconhece viola\u00e7\u00e3o de direitos e responsabiliza administra\u00e7\u00e3o p\u00fablica por agress\u00f5es<\/em><\/strong><\/p>\n<p>A Justi\u00e7a condenou o Estado de S\u00e3o Paulo a pagar R$ 258 mil de indeniza\u00e7\u00e3o a um detento que sofreu tortura dentro de uma unidade prisional no interior do estado.<\/p>\n<p>Segundo as informa\u00e7\u00f5es divulgadas, o processo aponta que o preso foi submetido a agress\u00f5es f\u00edsicas e tratamento degradante, em um contexto que configurou viola\u00e7\u00e3o de direitos fundamentais sob cust\u00f3dia do Estado.<\/p>\n<p>A decis\u00e3o judicial reconhece que, ao manter o detento sob sua responsabilidade, o Estado tinha o dever de garantir sua integridade f\u00edsica e moral, o que n\u00e3o foi cumprido no caso analisado.<\/p>\n<p>O entendimento da Justi\u00e7a se baseia no princ\u00edpio de que o poder p\u00fablico responde por danos causados a pessoas sob sua guarda, especialmente em ambientes como o sistema prisional.<\/p>\n<p>O processo tamb\u00e9m destaca que a responsabilidade do Estado, nesse tipo de situa\u00e7\u00e3o, \u00e9 objetiva, ou seja, independe da comprova\u00e7\u00e3o de culpa individual direta de agentes p\u00fablicos, bastando a comprova\u00e7\u00e3o do dano e do nexo com a atua\u00e7\u00e3o estatal.<\/p>\n<p>Apesar da condena\u00e7\u00e3o, o material n\u00e3o detalha se houve responsabiliza\u00e7\u00e3o criminal dos agentes envolvidos nas agress\u00f5es, nem quais medidas administrativas foram adotadas ap\u00f3s o caso.<\/p>\n<p><strong>HostingPRESS Ag\u00eancia de Not\u00edcias de S\u00e3o Paulo<\/strong><br \/>Conte\u00fado distribu\u00eddo por nossa Central de Jornalismo<br \/>Reprodu\u00e7\u00e3o autorizada mediante cr\u00e9dito da fonte<\/p>\n<p>Portal criado para conectar os leitores da regi\u00e3o ao melhor conte\u00fado<\/p>\n<p>Somos l\u00edderes de audi\u00eancia local. Somos sociais.\u00a0Conecte-se conosco.<\/p>\n<\/p><\/div>\n<section>  \t<img alt=\"Avatar photo\" src=\"https:\/\/hostingpress.com.br\/wp-content\/uploads\/2026\/03\/cropped-Divilgacao-95x95.jpeg\"  height=\"95\" width=\"95\" decoding=\"async\">\t \t<\/p>\n<div>\n<p>Vinicius Moror\u00f3<\/p>\n<p>Editor-Executivo-Regional | Jornalista | Diretor Editorial    Editor-Executivo-Regional da HostingPress Ag\u00eancia de Not\u00edcias de S\u00e3o Paulo, com atua\u00e7\u00e3o voltada \u00e0 coordena\u00e7\u00e3o editorial regional, articula\u00e7\u00e3o com ve\u00edculos parceiros e fortalecimento da distribui\u00e7\u00e3o de conte\u00fado jornal\u00edstico no Estado de S\u00e3o Paulo.      Editor-chefe do Jornal Impacto Cotia, com foco em jornalismo investigativo, interesse p\u00fablico e an\u00e1lise cr\u00edtica de temas pol\u00edticos, sociais e institucionais.<\/p>\n<\/p><\/div>\n<\/section>\n","protected":false},"excerpt":{"rendered":"<p>Decis\u00e3o reconhece viola\u00e7\u00e3o de direitos e responsabiliza administra\u00e7\u00e3o p\u00fablica por agress\u00f5es A Justi\u00e7a condenou o Estado de S\u00e3o Paulo a pagar R$ 258 mil de indeniza\u00e7\u00e3o a um detento que sofreu tortura dentro de uma unidade prisional no interior do estado. Segundo as informa\u00e7\u00f5es divulgadas, o processo aponta que o preso foi submetido a agress\u00f5es<\/p>\n","protected":false},"author":159,"featured_media":155842,"comment_status":"closed","ping_status":"closed","sticky":false,"template":"","format":"standard","meta":{"footnotes":""},"categories":[34],"tags":[],"class_list":{"0":"post-155841","1":"post","2":"type-post","3":"status-publish","4":"format-standard","5":"has-post-thumbnail","7":"category-policia"},"_links":{"self":[{"href":"https:\/\/obuxixeiro.com.br\/index.php?rest_route=\/wp\/v2\/posts\/155841","targetHints":{"allow":["GET"]}}],"collection":[{"href":"https:\/\/obuxixeiro.com.br\/index.php?rest_route=\/wp\/v2\/posts"}],"about":[{"href":"https:\/\/obuxixeiro.com.br\/index.php?rest_route=\/wp\/v2\/types\/post"}],"author":[{"embeddable":true,"href":"https:\/\/obuxixeiro.com.br\/index.php?rest_route=\/wp\/v2\/users\/159"}],"replies":[{"embeddable":true,"href":"https:\/\/obuxixeiro.com.br\/index.php?rest_route=%2Fwp%2Fv2%2Fcomments&post=155841"}],"version-history":[{"count":0,"href":"https:\/\/obuxixeiro.com.br\/index.php?rest_route=\/wp\/v2\/posts\/155841\/revisions"}],"wp:featuredmedia":[{"embeddable":true,"href":"https:\/\/obuxixeiro.com.br\/index.php?rest_route=\/wp\/v2\/media\/155842"}],"wp:attachment":[{"href":"https:\/\/obuxixeiro.com.br\/index.php?rest_route=%2Fwp%2Fv2%2Fmedia&parent=155841"}],"wp:term":[{"taxonomy":"category","embeddable":true,"href":"https:\/\/obuxixeiro.com.br\/index.php?rest_route=%2Fwp%2Fv2%2Fcategories&post=155841"},{"taxonomy":"post_tag","embeddable":true,"href":"https:\/\/obuxixeiro.com.br\/index.php?rest_route=%2Fwp%2Fv2%2Ftags&post=155841"}],"curies":[{"name":"wp","href":"https:\/\/api.w.org\/{rel}","templated":true}]}}