{"id":155843,"date":"2026-04-25T03:42:53","date_gmt":"2026-04-25T06:42:53","guid":{"rendered":"https:\/\/obuxixeiro.com.br\/2026\/04\/25\/justica-condena-estado-de-sp-a-indenizar-pais-de-jovem-morto-por-pm-em-mercado\/"},"modified":"2026-04-25T03:42:53","modified_gmt":"2026-04-25T06:42:53","slug":"justica-condena-estado-de-sp-a-indenizar-pais-de-jovem-morto-por-pm-em-mercado","status":"publish","type":"post","link":"https:\/\/obuxixeiro.com.br\/?p=155843","title":{"rendered":"Justi\u00e7a condena Estado de SP a indenizar pais de jovem morto por PM em mercado"},"content":{"rendered":"\n<div>\n<p><em>Decis\u00e3o prev\u00ea pagamento de R$ 200 mil por danos morais \u00e0 fam\u00edlia<\/em><\/p>\n<p>A Justi\u00e7a condenou o Estado de S\u00e3o Paulo a pagar R$ 200 mil de indeniza\u00e7\u00e3o aos pais de um jovem morto durante uma a\u00e7\u00e3o da Pol\u00edcia Militar dentro de um mercado na capital paulista.<\/p>\n<p>Segundo as informa\u00e7\u00f5es divulgadas, a decis\u00e3o reconhece a responsabilidade do Estado pelo ocorrido e determina o pagamento por danos morais \u00e0 fam\u00edlia da v\u00edtima.<\/p>\n<p>O caso envolve a morte do jovem durante a atua\u00e7\u00e3o de um policial militar, em circunst\u00e2ncias analisadas no processo judicial.<\/p>\n<p>A condena\u00e7\u00e3o ocorre na esfera c\u00edvel e trata da responsabilidade do Estado. O material n\u00e3o detalha o andamento de eventual processo criminal relacionado ao caso.<\/p>\n<p><strong>HostingPRESS Ag\u00eancia de Not\u00edcias de S\u00e3o Paulo<\/strong><br \/>Conte\u00fado distribu\u00eddo por nossa Central de Jornalismo<br \/>Reprodu\u00e7\u00e3o autorizada mediante cr\u00e9dito da fonte<\/p>\n<p>Portal criado para conectar os leitores da regi\u00e3o ao melhor conte\u00fado<\/p>\n<p>Somos l\u00edderes de audi\u00eancia local. Somos sociais.\u00a0Conecte-se conosco.<\/p>\n<\/p><\/div>\n<section>  \t<img alt=\"Avatar photo\" src=\"https:\/\/hostingpress.com.br\/wp-content\/uploads\/2026\/03\/cropped-Divilgacao-95x95.jpeg\"  height=\"95\" width=\"95\" decoding=\"async\">\t \t<\/p>\n<div>\n<p>Vinicius Moror\u00f3<\/p>\n<p>Editor-Executivo-Regional | Jornalista | Diretor Editorial    Editor-Executivo-Regional da HostingPress Ag\u00eancia de Not\u00edcias de S\u00e3o Paulo, com atua\u00e7\u00e3o voltada \u00e0 coordena\u00e7\u00e3o editorial regional, articula\u00e7\u00e3o com ve\u00edculos parceiros e fortalecimento da distribui\u00e7\u00e3o de conte\u00fado jornal\u00edstico no Estado de S\u00e3o Paulo.      Editor-chefe do Jornal Impacto Cotia, com foco em jornalismo investigativo, interesse p\u00fablico e an\u00e1lise cr\u00edtica de temas pol\u00edticos, sociais e institucionais.<\/p>\n<\/p><\/div>\n<\/section>\n","protected":false},"excerpt":{"rendered":"<p>Decis\u00e3o prev\u00ea pagamento de R$ 200 mil por danos morais \u00e0 fam\u00edlia A Justi\u00e7a condenou o Estado de S\u00e3o Paulo a pagar R$ 200 mil de indeniza\u00e7\u00e3o aos pais de um jovem morto durante uma a\u00e7\u00e3o da Pol\u00edcia Militar dentro de um mercado na capital paulista. Segundo as informa\u00e7\u00f5es divulgadas, a decis\u00e3o reconhece a responsabilidade<\/p>\n","protected":false},"author":1,"featured_media":155844,"comment_status":"closed","ping_status":"closed","sticky":false,"template":"","format":"standard","meta":{"footnotes":""},"categories":[34],"tags":[],"class_list":{"0":"post-155843","1":"post","2":"type-post","3":"status-publish","4":"format-standard","5":"has-post-thumbnail","7":"category-policia"},"_links":{"self":[{"href":"https:\/\/obuxixeiro.com.br\/index.php?rest_route=\/wp\/v2\/posts\/155843","targetHints":{"allow":["GET"]}}],"collection":[{"href":"https:\/\/obuxixeiro.com.br\/index.php?rest_route=\/wp\/v2\/posts"}],"about":[{"href":"https:\/\/obuxixeiro.com.br\/index.php?rest_route=\/wp\/v2\/types\/post"}],"author":[{"embeddable":true,"href":"https:\/\/obuxixeiro.com.br\/index.php?rest_route=\/wp\/v2\/users\/1"}],"replies":[{"embeddable":true,"href":"https:\/\/obuxixeiro.com.br\/index.php?rest_route=%2Fwp%2Fv2%2Fcomments&post=155843"}],"version-history":[{"count":0,"href":"https:\/\/obuxixeiro.com.br\/index.php?rest_route=\/wp\/v2\/posts\/155843\/revisions"}],"wp:featuredmedia":[{"embeddable":true,"href":"https:\/\/obuxixeiro.com.br\/index.php?rest_route=\/wp\/v2\/media\/155844"}],"wp:attachment":[{"href":"https:\/\/obuxixeiro.com.br\/index.php?rest_route=%2Fwp%2Fv2%2Fmedia&parent=155843"}],"wp:term":[{"taxonomy":"category","embeddable":true,"href":"https:\/\/obuxixeiro.com.br\/index.php?rest_route=%2Fwp%2Fv2%2Fcategories&post=155843"},{"taxonomy":"post_tag","embeddable":true,"href":"https:\/\/obuxixeiro.com.br\/index.php?rest_route=%2Fwp%2Fv2%2Ftags&post=155843"}],"curies":[{"name":"wp","href":"https:\/\/api.w.org\/{rel}","templated":true}]}}