{"id":155957,"date":"2026-04-26T00:44:00","date_gmt":"2026-04-26T03:44:00","guid":{"rendered":"https:\/\/obuxixeiro.com.br\/2026\/04\/26\/defesa-civil-alerta-para-mudanca-no-tempo-e-previsao-de-chuva-em-sao-paulo-nos-proximos-dias\/"},"modified":"2026-04-26T00:44:00","modified_gmt":"2026-04-26T03:44:00","slug":"defesa-civil-alerta-para-mudanca-no-tempo-e-previsao-de-chuva-em-sao-paulo-nos-proximos-dias","status":"publish","type":"post","link":"https:\/\/obuxixeiro.com.br\/?p=155957","title":{"rendered":"Defesa Civil alerta para mudan\u00e7a no tempo e previs\u00e3o de chuva em S\u00e3o Paulo nos pr\u00f3ximos dias"},"content":{"rendered":"\n<div>\n<p><strong>\u00d3rg\u00e3o prev\u00ea instabilidade clim\u00e1tica e orienta popula\u00e7\u00e3o sobre riscos de temporais<\/strong><\/p>\n<p>A Defesa Civil do Estado de S\u00e3o Paulo emitiu alerta para <strong>mudan\u00e7a nas condi\u00e7\u00f5es do tempo<\/strong>, com previs\u00e3o de <strong>chuvas nos pr\u00f3ximos dias<\/strong> em diversas regi\u00f5es do estado. O aviso indica a chegada de instabilidades que podem provocar <strong>temporais em pontos isolados<\/strong>.<\/p>\n<p>Segundo as informa\u00e7\u00f5es divulgadas, a altera\u00e7\u00e3o clim\u00e1tica deve ocorrer de forma gradual, com aumento da nebulosidade e possibilidade de <strong>chuvas acompanhadas de rajadas de vento e descargas el\u00e9tricas<\/strong>, o que eleva o risco de ocorr\u00eancias como quedas de \u00e1rvores e alagamentos.<\/p>\n<p>O \u00f3rg\u00e3o orienta a popula\u00e7\u00e3o a adotar medidas preventivas, como <strong>evitar \u00e1reas alagadas, n\u00e3o se abrigar sob \u00e1rvores durante tempestades e acompanhar comunicados oficiais<\/strong>. Em \u00e1reas mais vulner\u00e1veis, h\u00e1 aten\u00e7\u00e3o para <strong>poss\u00edveis deslizamentos e enxurradas<\/strong>.<\/p>\n<p>A mudan\u00e7a no tempo est\u00e1 associada \u00e0 atua\u00e7\u00e3o de sistemas meteorol\u00f3gicos que favorecem a forma\u00e7\u00e3o de nuvens carregadas, especialmente em per\u00edodos de transi\u00e7\u00e3o clim\u00e1tica. Esse cen\u00e1rio exige monitoramento constante por parte das autoridades.<\/p>\n<p>A Defesa Civil informou que equipes permanecem em alerta e podem atuar em situa\u00e7\u00f5es emergenciais, refor\u00e7ando a import\u00e2ncia de que a popula\u00e7\u00e3o <strong>busque informa\u00e7\u00f5es em canais oficiais e siga orienta\u00e7\u00f5es de seguran\u00e7a<\/strong>.<\/p>\n<p>O alerta refor\u00e7a o impacto direto das condi\u00e7\u00f5es clim\u00e1ticas na rotina da popula\u00e7\u00e3o, principalmente em \u00e1reas urbanas com hist\u00f3rico de alagamentos, onde eventos de chuva intensa podem causar transtornos significativos.<\/p>\n<p><strong>HostingPRESS Ag\u00eancia de Not\u00edcias de S\u00e3o Paulo<\/strong><br \/>Conte\u00fado distribu\u00eddo por nossa Central de Jornalismo<br \/>Reprodu\u00e7\u00e3o autorizada mediante cr\u00e9dito da fonte<\/p>\n<p>Portal criado para conectar os leitores da regi\u00e3o ao melhor conte\u00fado<\/p>\n<p>Somos l\u00edderes de audi\u00eancia local. Somos sociais.\u00a0Conecte-se conosco.<\/p>\n<\/p><\/div>\n<section>  \t<img alt=\"Avatar photo\" src=\"https:\/\/hostingpress.com.br\/wp-content\/uploads\/2026\/03\/cropped-Divilgacao-95x95.jpeg\"  height=\"95\" width=\"95\" decoding=\"async\">\t \t<\/p>\n<div>\n<p>Vinicius Moror\u00f3<\/p>\n<p>Editor-Executivo-Regional | Jornalista | Diretor Editorial    Editor-Executivo-Regional da HostingPress Ag\u00eancia de Not\u00edcias de S\u00e3o Paulo, com atua\u00e7\u00e3o voltada \u00e0 coordena\u00e7\u00e3o editorial regional, articula\u00e7\u00e3o com ve\u00edculos parceiros e fortalecimento da distribui\u00e7\u00e3o de conte\u00fado jornal\u00edstico no Estado de S\u00e3o Paulo.      Editor-chefe do Jornal Impacto Cotia, com foco em jornalismo investigativo, interesse p\u00fablico e an\u00e1lise cr\u00edtica de temas pol\u00edticos, sociais e institucionais.<\/p>\n<\/p><\/div>\n<\/section>\n","protected":false},"excerpt":{"rendered":"<p>\u00d3rg\u00e3o prev\u00ea instabilidade clim\u00e1tica e orienta popula\u00e7\u00e3o sobre riscos de temporais A Defesa Civil do Estado de S\u00e3o Paulo emitiu alerta para mudan\u00e7a nas condi\u00e7\u00f5es do tempo, com previs\u00e3o de chuvas nos pr\u00f3ximos dias em diversas regi\u00f5es do estado. O aviso indica a chegada de instabilidades que podem provocar temporais em pontos isolados. Segundo as<\/p>\n","protected":false},"author":808,"featured_media":155958,"comment_status":"closed","ping_status":"closed","sticky":false,"template":"","format":"standard","meta":{"footnotes":""},"categories":[32,1],"tags":[],"class_list":{"0":"post-155957","1":"post","2":"type-post","3":"status-publish","4":"format-standard","5":"has-post-thumbnail","7":"category-brasil","8":"category-todas-noticias"},"_links":{"self":[{"href":"https:\/\/obuxixeiro.com.br\/index.php?rest_route=\/wp\/v2\/posts\/155957","targetHints":{"allow":["GET"]}}],"collection":[{"href":"https:\/\/obuxixeiro.com.br\/index.php?rest_route=\/wp\/v2\/posts"}],"about":[{"href":"https:\/\/obuxixeiro.com.br\/index.php?rest_route=\/wp\/v2\/types\/post"}],"author":[{"embeddable":true,"href":"https:\/\/obuxixeiro.com.br\/index.php?rest_route=\/wp\/v2\/users\/808"}],"replies":[{"embeddable":true,"href":"https:\/\/obuxixeiro.com.br\/index.php?rest_route=%2Fwp%2Fv2%2Fcomments&post=155957"}],"version-history":[{"count":0,"href":"https:\/\/obuxixeiro.com.br\/index.php?rest_route=\/wp\/v2\/posts\/155957\/revisions"}],"wp:featuredmedia":[{"embeddable":true,"href":"https:\/\/obuxixeiro.com.br\/index.php?rest_route=\/wp\/v2\/media\/155958"}],"wp:attachment":[{"href":"https:\/\/obuxixeiro.com.br\/index.php?rest_route=%2Fwp%2Fv2%2Fmedia&parent=155957"}],"wp:term":[{"taxonomy":"category","embeddable":true,"href":"https:\/\/obuxixeiro.com.br\/index.php?rest_route=%2Fwp%2Fv2%2Fcategories&post=155957"},{"taxonomy":"post_tag","embeddable":true,"href":"https:\/\/obuxixeiro.com.br\/index.php?rest_route=%2Fwp%2Fv2%2Ftags&post=155957"}],"curies":[{"name":"wp","href":"https:\/\/api.w.org\/{rel}","templated":true}]}}