{"id":155963,"date":"2026-04-26T04:41:44","date_gmt":"2026-04-26T07:41:44","guid":{"rendered":"https:\/\/obuxixeiro.com.br\/2026\/04\/26\/maratona-internacional-de-sao-paulo-altera-transito-e-transporte-na-capital-neste-fim-de-semana\/"},"modified":"2026-04-26T04:41:44","modified_gmt":"2026-04-26T07:41:44","slug":"maratona-internacional-de-sao-paulo-altera-transito-e-transporte-na-capital-neste-fim-de-semana","status":"publish","type":"post","link":"https:\/\/obuxixeiro.com.br\/?p=155963","title":{"rendered":"Maratona Internacional de S\u00e3o Paulo altera tr\u00e2nsito e transporte na capital neste fim de semana"},"content":{"rendered":"\n<div>\n<p><strong>Interdi\u00e7\u00f5es e desvios afetam vias importantes; organiza\u00e7\u00e3o orienta planejamento pr\u00e9vio de motoristas e usu\u00e1rios<\/strong><\/p>\n<p>A realiza\u00e7\u00e3o da Maratona Internacional de S\u00e3o Paulo vai provocar <strong>mudan\u00e7as no tr\u00e2nsito e no transporte p\u00fablico<\/strong> em diversas regi\u00f5es da capital paulista neste fim de semana. A competi\u00e7\u00e3o esportiva mobiliza corredores e equipes de apoio, exigindo <strong>interdi\u00e7\u00f5es tempor\u00e1rias em vias estrat\u00e9gicas da cidade<\/strong>.<\/p>\n<p>Segundo as informa\u00e7\u00f5es divulgadas, os bloqueios come\u00e7am nas primeiras horas do dia da prova e devem atingir <strong>avenidas importantes e trechos de grande circula\u00e7\u00e3o<\/strong>, impactando diretamente o deslocamento de moradores e trabalhadores. A orienta\u00e7\u00e3o \u00e9 que a popula\u00e7\u00e3o <strong>evite as \u00e1reas afetadas e busque rotas alternativas<\/strong>.<\/p>\n<p>As altera\u00e7\u00f5es tamb\u00e9m atingem o transporte coletivo, com <strong>desvios em linhas de \u00f4nibus e poss\u00edveis mudan\u00e7as operacionais<\/strong> durante o per\u00edodo do evento. Passageiros devem consultar previamente os trajetos atualizados para reduzir transtornos.<\/p>\n<p>A Maratona Internacional de S\u00e3o Paulo \u00e9 um evento tradicional do calend\u00e1rio esportivo da cidade e re\u00fane participantes de diferentes regi\u00f5es. A estrutura envolve <strong>fechamento de ruas, apoio log\u00edstico, agentes de tr\u00e2nsito e equipes de seguran\u00e7a<\/strong>, o que exige planejamento por parte das autoridades municipais.<\/p>\n<p>A recomenda\u00e7\u00e3o dos organizadores e \u00f3rg\u00e3os de tr\u00e2nsito \u00e9 que motoristas e pedestres <strong>se programem com anteced\u00eancia<\/strong>, especialmente nas \u00e1reas pr\u00f3ximas ao percurso da prova, para minimizar impactos no dia a dia.<\/p>\n<p>O evento refor\u00e7a o impacto direto de grandes competi\u00e7\u00f5es esportivas na mobilidade urbana, exigindo <strong>coordena\u00e7\u00e3o entre organiza\u00e7\u00e3o, poder p\u00fablico e popula\u00e7\u00e3o<\/strong> para garantir seguran\u00e7a e fluidez dentro do poss\u00edvel durante a realiza\u00e7\u00e3o.<\/p>\n<p><strong>HostingPRESS Ag\u00eancia de Not\u00edcias de S\u00e3o Paulo<\/strong><br \/>Conte\u00fado distribu\u00eddo por nossa Central de Jornalismo<br \/>Reprodu\u00e7\u00e3o autorizada mediante cr\u00e9dito da fonte<\/p>\n<p>Portal criado para conectar os leitores da regi\u00e3o ao melhor conte\u00fado<\/p>\n<p>Somos l\u00edderes de audi\u00eancia local. Somos sociais.\u00a0Conecte-se conosco.<\/p>\n<\/p><\/div>\n<section>  \t<img alt=\"Avatar photo\" src=\"https:\/\/hostingpress.com.br\/wp-content\/uploads\/2026\/03\/cropped-Divilgacao-95x95.jpeg\"  height=\"95\" width=\"95\" decoding=\"async\">\t \t<\/p>\n<div>\n<p>Vinicius Moror\u00f3<\/p>\n<p>Editor-Executivo-Regional | Jornalista | Diretor Editorial    Editor-Executivo-Regional da HostingPress Ag\u00eancia de Not\u00edcias de S\u00e3o Paulo, com atua\u00e7\u00e3o voltada \u00e0 coordena\u00e7\u00e3o editorial regional, articula\u00e7\u00e3o com ve\u00edculos parceiros e fortalecimento da distribui\u00e7\u00e3o de conte\u00fado jornal\u00edstico no Estado de S\u00e3o Paulo.      Editor-chefe do Jornal Impacto Cotia, com foco em jornalismo investigativo, interesse p\u00fablico e an\u00e1lise cr\u00edtica de temas pol\u00edticos, sociais e institucionais.<\/p>\n<\/p><\/div>\n<\/section>\n","protected":false},"excerpt":{"rendered":"<p>Interdi\u00e7\u00f5es e desvios afetam vias importantes; organiza\u00e7\u00e3o orienta planejamento pr\u00e9vio de motoristas e usu\u00e1rios A realiza\u00e7\u00e3o da Maratona Internacional de S\u00e3o Paulo vai provocar mudan\u00e7as no tr\u00e2nsito e no transporte p\u00fablico em diversas regi\u00f5es da capital paulista neste fim de semana. A competi\u00e7\u00e3o esportiva mobiliza corredores e equipes de apoio, exigindo interdi\u00e7\u00f5es tempor\u00e1rias em vias<\/p>\n","protected":false},"author":808,"featured_media":155964,"comment_status":"closed","ping_status":"closed","sticky":false,"template":"","format":"standard","meta":{"footnotes":""},"categories":[31],"tags":[],"class_list":{"0":"post-155963","1":"post","2":"type-post","3":"status-publish","4":"format-standard","5":"has-post-thumbnail","7":"category-mundo"},"_links":{"self":[{"href":"https:\/\/obuxixeiro.com.br\/index.php?rest_route=\/wp\/v2\/posts\/155963","targetHints":{"allow":["GET"]}}],"collection":[{"href":"https:\/\/obuxixeiro.com.br\/index.php?rest_route=\/wp\/v2\/posts"}],"about":[{"href":"https:\/\/obuxixeiro.com.br\/index.php?rest_route=\/wp\/v2\/types\/post"}],"author":[{"embeddable":true,"href":"https:\/\/obuxixeiro.com.br\/index.php?rest_route=\/wp\/v2\/users\/808"}],"replies":[{"embeddable":true,"href":"https:\/\/obuxixeiro.com.br\/index.php?rest_route=%2Fwp%2Fv2%2Fcomments&post=155963"}],"version-history":[{"count":0,"href":"https:\/\/obuxixeiro.com.br\/index.php?rest_route=\/wp\/v2\/posts\/155963\/revisions"}],"wp:featuredmedia":[{"embeddable":true,"href":"https:\/\/obuxixeiro.com.br\/index.php?rest_route=\/wp\/v2\/media\/155964"}],"wp:attachment":[{"href":"https:\/\/obuxixeiro.com.br\/index.php?rest_route=%2Fwp%2Fv2%2Fmedia&parent=155963"}],"wp:term":[{"taxonomy":"category","embeddable":true,"href":"https:\/\/obuxixeiro.com.br\/index.php?rest_route=%2Fwp%2Fv2%2Fcategories&post=155963"},{"taxonomy":"post_tag","embeddable":true,"href":"https:\/\/obuxixeiro.com.br\/index.php?rest_route=%2Fwp%2Fv2%2Ftags&post=155963"}],"curies":[{"name":"wp","href":"https:\/\/api.w.org\/{rel}","templated":true}]}}