{"id":155965,"date":"2026-04-26T04:41:43","date_gmt":"2026-04-26T07:41:43","guid":{"rendered":"https:\/\/obuxixeiro.com.br\/2026\/04\/26\/manifesto-cobra-explicacoes-sobre-egipcios-retidos-em-aeroporto-de-sao-paulo\/"},"modified":"2026-04-26T04:41:43","modified_gmt":"2026-04-26T07:41:43","slug":"manifesto-cobra-explicacoes-sobre-egipcios-retidos-em-aeroporto-de-sao-paulo","status":"publish","type":"post","link":"https:\/\/obuxixeiro.com.br\/?p=155965","title":{"rendered":"Manifesto cobra explica\u00e7\u00f5es sobre eg\u00edpcios retidos em aeroporto de S\u00e3o Paulo"},"content":{"rendered":"\n<div>\n<p><strong>Organiza\u00e7\u00f5es de direitos humanos questionam condi\u00e7\u00f5es e pedem transpar\u00eancia no controle migrat\u00f3rio<\/strong><\/p>\n<p>Grupos de direitos humanos realizaram um manifesto em S\u00e3o Paulo em defesa de cidad\u00e3os eg\u00edpcios que est\u00e3o retidos no Aeroporto Internacional de Guarulhos. A mobiliza\u00e7\u00e3o busca <strong>pressionar autoridades por esclarecimentos sobre os motivos da reten\u00e7\u00e3o e as condi\u00e7\u00f5es em que os estrangeiros permanecem<\/strong>.<\/p>\n<p>De acordo com as informa\u00e7\u00f5es divulgadas, os eg\u00edpcios est\u00e3o sob <strong>controle migrat\u00f3rio enquanto seus casos s\u00e3o analisados pelas autoridades brasileiras<\/strong>, situa\u00e7\u00e3o prevista em procedimentos de entrada no pa\u00eds. Ainda assim, entidades relatam preocupa\u00e7\u00e3o com <strong>acesso a alimenta\u00e7\u00e3o, assist\u00eancia jur\u00eddica e respeito a direitos b\u00e1sicos<\/strong>.<\/p>\n<p>Os manifestantes pedem que o governo federal e os \u00f3rg\u00e3os respons\u00e1veis garantam <strong>transpar\u00eancia no processo, tratamento adequado e an\u00e1lise c\u00e9lere dos casos<\/strong>, al\u00e9m do cumprimento de normas internacionais de prote\u00e7\u00e3o a migrantes e poss\u00edveis solicitantes de ref\u00fagio.<\/p>\n<p>A reten\u00e7\u00e3o de estrangeiros em aeroportos pode ocorrer em casos de <strong>pend\u00eancias documentais, d\u00favidas sobre a finalidade da viagem ou solicita\u00e7\u00f5es de ref\u00fagio<\/strong>, sendo conduzida por \u00f3rg\u00e3os como a Pol\u00edcia Federal. Nesses casos, a perman\u00eancia deve seguir crit\u00e9rios legais e assegurar garantias m\u00ednimas.<\/p>\n<p>At\u00e9 o momento, n\u00e3o h\u00e1 confirma\u00e7\u00e3o p\u00fablica de irregularidades por parte das autoridades.<\/p>\n<p>A situa\u00e7\u00e3o segue em acompanhamento por organiza\u00e7\u00f5es civis e pode ter desdobramentos conforme a <strong>avalia\u00e7\u00e3o individual de cada caso migrat\u00f3rio<\/strong>.<\/p>\n<p>O epis\u00f3dio levanta debate sobre <strong>pol\u00edticas migrat\u00f3rias, transpar\u00eancia institucional e garantias de direitos humanos<\/strong> em \u00e1reas de controle de fronteira no Brasil.<\/p>\n<p><strong>HostingPRESS Ag\u00eancia de Not\u00edcias de S\u00e3o Paulo<\/strong><br \/>Conte\u00fado distribu\u00eddo por nossa Central de Jornalismo<br \/>Reprodu\u00e7\u00e3o autorizada mediante cr\u00e9dito da fonte<\/p>\n<p>Portal criado para conectar os leitores da regi\u00e3o ao melhor conte\u00fado<\/p>\n<p>Somos l\u00edderes de audi\u00eancia local. Somos sociais.\u00a0Conecte-se conosco.<\/p>\n<\/p><\/div>\n<section>  \t<img alt=\"Avatar photo\" src=\"https:\/\/hostingpress.com.br\/wp-content\/uploads\/2026\/03\/cropped-Divilgacao-95x95.jpeg\"  height=\"95\" width=\"95\" decoding=\"async\">\t \t<\/p>\n<div>\n<p>Vinicius Moror\u00f3<\/p>\n<p>Editor-Executivo-Regional | Jornalista | Diretor Editorial    Editor-Executivo-Regional da HostingPress Ag\u00eancia de Not\u00edcias de S\u00e3o Paulo, com atua\u00e7\u00e3o voltada \u00e0 coordena\u00e7\u00e3o editorial regional, articula\u00e7\u00e3o com ve\u00edculos parceiros e fortalecimento da distribui\u00e7\u00e3o de conte\u00fado jornal\u00edstico no Estado de S\u00e3o Paulo.      Editor-chefe do Jornal Impacto Cotia, com foco em jornalismo investigativo, interesse p\u00fablico e an\u00e1lise cr\u00edtica de temas pol\u00edticos, sociais e institucionais.<\/p>\n<\/p><\/div>\n<\/section>\n","protected":false},"excerpt":{"rendered":"<p>Organiza\u00e7\u00f5es de direitos humanos questionam condi\u00e7\u00f5es e pedem transpar\u00eancia no controle migrat\u00f3rio Grupos de direitos humanos realizaram um manifesto em S\u00e3o Paulo em defesa de cidad\u00e3os eg\u00edpcios que est\u00e3o retidos no Aeroporto Internacional de Guarulhos. A mobiliza\u00e7\u00e3o busca pressionar autoridades por esclarecimentos sobre os motivos da reten\u00e7\u00e3o e as condi\u00e7\u00f5es em que os estrangeiros permanecem.<\/p>\n","protected":false},"author":808,"featured_media":155966,"comment_status":"closed","ping_status":"closed","sticky":false,"template":"","format":"standard","meta":{"footnotes":""},"categories":[31],"tags":[],"class_list":{"0":"post-155965","1":"post","2":"type-post","3":"status-publish","4":"format-standard","5":"has-post-thumbnail","7":"category-mundo"},"_links":{"self":[{"href":"https:\/\/obuxixeiro.com.br\/index.php?rest_route=\/wp\/v2\/posts\/155965","targetHints":{"allow":["GET"]}}],"collection":[{"href":"https:\/\/obuxixeiro.com.br\/index.php?rest_route=\/wp\/v2\/posts"}],"about":[{"href":"https:\/\/obuxixeiro.com.br\/index.php?rest_route=\/wp\/v2\/types\/post"}],"author":[{"embeddable":true,"href":"https:\/\/obuxixeiro.com.br\/index.php?rest_route=\/wp\/v2\/users\/808"}],"replies":[{"embeddable":true,"href":"https:\/\/obuxixeiro.com.br\/index.php?rest_route=%2Fwp%2Fv2%2Fcomments&post=155965"}],"version-history":[{"count":0,"href":"https:\/\/obuxixeiro.com.br\/index.php?rest_route=\/wp\/v2\/posts\/155965\/revisions"}],"wp:featuredmedia":[{"embeddable":true,"href":"https:\/\/obuxixeiro.com.br\/index.php?rest_route=\/wp\/v2\/media\/155966"}],"wp:attachment":[{"href":"https:\/\/obuxixeiro.com.br\/index.php?rest_route=%2Fwp%2Fv2%2Fmedia&parent=155965"}],"wp:term":[{"taxonomy":"category","embeddable":true,"href":"https:\/\/obuxixeiro.com.br\/index.php?rest_route=%2Fwp%2Fv2%2Fcategories&post=155965"},{"taxonomy":"post_tag","embeddable":true,"href":"https:\/\/obuxixeiro.com.br\/index.php?rest_route=%2Fwp%2Fv2%2Ftags&post=155965"}],"curies":[{"name":"wp","href":"https:\/\/api.w.org\/{rel}","templated":true}]}}