{"id":155967,"date":"2026-04-26T04:41:51","date_gmt":"2026-04-26T07:41:51","guid":{"rendered":"https:\/\/obuxixeiro.com.br\/2026\/04\/26\/dupla-e-presa-suspeita-de-matar-idosa-e-esconder-corpo-em-cama-box-no-litoral-de-sp\/"},"modified":"2026-04-26T04:41:51","modified_gmt":"2026-04-26T07:41:51","slug":"dupla-e-presa-suspeita-de-matar-idosa-e-esconder-corpo-em-cama-box-no-litoral-de-sp","status":"publish","type":"post","link":"https:\/\/obuxixeiro.com.br\/?p=155967","title":{"rendered":"Dupla \u00e9 presa suspeita de matar idosa e esconder corpo em cama box no litoral de SP"},"content":{"rendered":"\n<div>\n<p><strong>Pol\u00edcia localiza corpo ap\u00f3s den\u00fancia; investiga\u00e7\u00e3o apura rela\u00e7\u00e3o entre suspeitos e a v\u00edtima<\/strong><\/p>\n<p>Dois suspeitos foram presos no litoral de S\u00e3o Paulo ap\u00f3s a morte de uma idosa, cujo corpo foi encontrado <strong>escondido dentro de uma cama box<\/strong> em uma resid\u00eancia na cidade de Praia Grande. A ocorr\u00eancia foi registrada ap\u00f3s <strong>den\u00fancias que levaram a pol\u00edcia at\u00e9 o im\u00f3vel<\/strong>.<\/p>\n<p>Segundo as informa\u00e7\u00f5es divulgadas, a v\u00edtima j\u00e1 estava sem vida quando foi localizada, e o corpo havia sido <strong>ocultado no compartimento da cama<\/strong>, o que indica tentativa de esconder o cad\u00e1ver. A pol\u00edcia efetuou a <strong>pris\u00e3o dos dois suspeitos<\/strong>, que passaram a ser investigados por envolvimento no crime.<\/p>\n<p>A investiga\u00e7\u00e3o busca esclarecer <strong>como a morte ocorreu, a motiva\u00e7\u00e3o e a din\u00e2mica do crime<\/strong>, pontos que ainda n\u00e3o foram detalhados oficialmente. Tamb\u00e9m n\u00e3o h\u00e1 confirma\u00e7\u00e3o p\u00fablica sobre <strong>qual era a rela\u00e7\u00e3o entre os suspeitos e a idosa<\/strong>.<\/p>\n<p>Casos que envolvem <strong>oculta\u00e7\u00e3o de cad\u00e1ver<\/strong> s\u00e3o considerados mais graves no \u00e2mbito penal, pois indicam poss\u00edvel tentativa de dificultar a atua\u00e7\u00e3o das autoridades. Ainda assim, a responsabiliza\u00e7\u00e3o depende de <strong>provas periciais, depoimentos e decis\u00e3o judicial<\/strong>.<\/p>\n<p>A Pol\u00edcia Civil segue realizando dilig\u00eancias para reunir elementos que permitam esclarecer completamente o caso, incluindo <strong>per\u00edcia no local, an\u00e1lise de materiais e oitiva de testemunhas<\/strong>. O objetivo \u00e9 definir com precis\u00e3o o papel de cada investigado na ocorr\u00eancia.<\/p>\n<p>O caso chama aten\u00e7\u00e3o pelo m\u00e9todo utilizado para oculta\u00e7\u00e3o do corpo e refor\u00e7a a import\u00e2ncia de investiga\u00e7\u00e3o detalhada em crimes ocorridos em ambiente residencial, especialmente quando h\u00e1 ind\u00edcios de tentativa de oculta\u00e7\u00e3o.<\/p>\n<p><strong>HostingPRESS Ag\u00eancia de Not\u00edcias de S\u00e3o Paulo<\/strong><br \/>Conte\u00fado distribu\u00eddo por nossa Central de Jornalismo<br \/>Reprodu\u00e7\u00e3o autorizada mediante cr\u00e9dito da fonte<\/p>\n<p>Portal criado para conectar os leitores da regi\u00e3o ao melhor conte\u00fado<\/p>\n<p>Somos l\u00edderes de audi\u00eancia local. Somos sociais.\u00a0Conecte-se conosco.<\/p>\n<\/p><\/div>\n<section>  \t<img alt=\"Avatar photo\" src=\"https:\/\/hostingpress.com.br\/wp-content\/uploads\/2026\/03\/cropped-Divilgacao-95x95.jpeg\"  height=\"95\" width=\"95\" decoding=\"async\">\t \t<\/p>\n<div>\n<p>Vinicius Moror\u00f3<\/p>\n<p>Editor-Executivo-Regional | Jornalista | Diretor Editorial    Editor-Executivo-Regional da HostingPress Ag\u00eancia de Not\u00edcias de S\u00e3o Paulo, com atua\u00e7\u00e3o voltada \u00e0 coordena\u00e7\u00e3o editorial regional, articula\u00e7\u00e3o com ve\u00edculos parceiros e fortalecimento da distribui\u00e7\u00e3o de conte\u00fado jornal\u00edstico no Estado de S\u00e3o Paulo.      Editor-chefe do Jornal Impacto Cotia, com foco em jornalismo investigativo, interesse p\u00fablico e an\u00e1lise cr\u00edtica de temas pol\u00edticos, sociais e institucionais.<\/p>\n<\/p><\/div>\n<\/section>\n","protected":false},"excerpt":{"rendered":"<p>Pol\u00edcia localiza corpo ap\u00f3s den\u00fancia; investiga\u00e7\u00e3o apura rela\u00e7\u00e3o entre suspeitos e a v\u00edtima Dois suspeitos foram presos no litoral de S\u00e3o Paulo ap\u00f3s a morte de uma idosa, cujo corpo foi encontrado escondido dentro de uma cama box em uma resid\u00eancia na cidade de Praia Grande. A ocorr\u00eancia foi registrada ap\u00f3s den\u00fancias que levaram a<\/p>\n","protected":false},"author":808,"featured_media":155968,"comment_status":"closed","ping_status":"closed","sticky":false,"template":"","format":"standard","meta":{"footnotes":""},"categories":[35],"tags":[],"class_list":{"0":"post-155967","1":"post","2":"type-post","3":"status-publish","4":"format-standard","5":"has-post-thumbnail","7":"category-cidades"},"_links":{"self":[{"href":"https:\/\/obuxixeiro.com.br\/index.php?rest_route=\/wp\/v2\/posts\/155967","targetHints":{"allow":["GET"]}}],"collection":[{"href":"https:\/\/obuxixeiro.com.br\/index.php?rest_route=\/wp\/v2\/posts"}],"about":[{"href":"https:\/\/obuxixeiro.com.br\/index.php?rest_route=\/wp\/v2\/types\/post"}],"author":[{"embeddable":true,"href":"https:\/\/obuxixeiro.com.br\/index.php?rest_route=\/wp\/v2\/users\/808"}],"replies":[{"embeddable":true,"href":"https:\/\/obuxixeiro.com.br\/index.php?rest_route=%2Fwp%2Fv2%2Fcomments&post=155967"}],"version-history":[{"count":0,"href":"https:\/\/obuxixeiro.com.br\/index.php?rest_route=\/wp\/v2\/posts\/155967\/revisions"}],"wp:featuredmedia":[{"embeddable":true,"href":"https:\/\/obuxixeiro.com.br\/index.php?rest_route=\/wp\/v2\/media\/155968"}],"wp:attachment":[{"href":"https:\/\/obuxixeiro.com.br\/index.php?rest_route=%2Fwp%2Fv2%2Fmedia&parent=155967"}],"wp:term":[{"taxonomy":"category","embeddable":true,"href":"https:\/\/obuxixeiro.com.br\/index.php?rest_route=%2Fwp%2Fv2%2Fcategories&post=155967"},{"taxonomy":"post_tag","embeddable":true,"href":"https:\/\/obuxixeiro.com.br\/index.php?rest_route=%2Fwp%2Fv2%2Ftags&post=155967"}],"curies":[{"name":"wp","href":"https:\/\/api.w.org\/{rel}","templated":true}]}}