{"id":155969,"date":"2026-04-26T04:41:54","date_gmt":"2026-04-26T07:41:54","guid":{"rendered":"https:\/\/obuxixeiro.com.br\/2026\/04\/26\/tcm-suspende-edital-da-prefeitura-de-sp-para-comercializacao-do-smart-sampa\/"},"modified":"2026-04-26T04:41:54","modified_gmt":"2026-04-26T07:41:54","slug":"tcm-suspende-edital-da-prefeitura-de-sp-para-comercializacao-do-smart-sampa","status":"publish","type":"post","link":"https:\/\/obuxixeiro.com.br\/?p=155969","title":{"rendered":"TCM suspende edital da Prefeitura de SP para comercializa\u00e7\u00e3o do Smart Sampa"},"content":{"rendered":"\n<div>\n<p><strong>Chamamento da Prodam buscava parceiro para levar solu\u00e7\u00e3o de monitoramento com intelig\u00eancia artificial a outros munic\u00edpios<\/strong><\/p>\n<p>O Tribunal de Contas do Munic\u00edpio de S\u00e3o Paulo suspendeu o edital da Prodam que previa a escolha de uma empresa parceira para comercializar, a outras cidades brasileiras, uma solu\u00e7\u00e3o baseada no Smart Sampa, sistema municipal de monitoramento com c\u00e2meras e intelig\u00eancia artificial. O certame estava ligado \u00e0 explora\u00e7\u00e3o de servi\u00e7os de an\u00e1lise de imagens para seguran\u00e7a p\u00fablica municipal.<\/p>\n<p>A suspens\u00e3o foi determinada ap\u00f3s questionamentos de empresas interessadas no chamamento p\u00fablico. Entre os pontos levantados est\u00e3o poss\u00edveis restri\u00e7\u00f5es \u00e0 competitividade, falta de isonomia entre concorrentes e risco de n\u00e3o sele\u00e7\u00e3o da proposta mais vantajosa \u00e0 administra\u00e7\u00e3o p\u00fablica.<\/p>\n<p>O Smart Sampa \u00e9 operado pela Secretaria Municipal de Seguran\u00e7a Urbana e tem central de monitoramento no Centro Hist\u00f3rico da capital paulista. Segundo a Prefeitura, o programa re\u00fane cerca de 50 mil c\u00e2meras, sendo parte pr\u00f3pria e parte integrada \u00e0 rede privada.<\/p>\n<p>A proposta suspensa previa que a empresa selecionada atuasse em parceria com a Prodam na constru\u00e7\u00e3o de um produto ou servi\u00e7o a ser vendido a munic\u00edpios interessados em tecnologia de intelig\u00eancia artificial aplicada \u00e0 seguran\u00e7a p\u00fablica. Pelo modelo, a estatal municipal ficaria respons\u00e1vel pela formaliza\u00e7\u00e3o dos contratos, recebimento dos valores e repasse \u00e0 parceira.<\/p>\n<p>O edital n\u00e3o previa aporte financeiro da Prodam nem remunera\u00e7\u00e3o garantida \u00e0 empresa selecionada, que assumiria os custos e riscos da opera\u00e7\u00e3o. Ainda assim, estimativas apontavam potencial de movimenta\u00e7\u00e3o financeira relevante ao longo dos anos, caso o modelo fosse replicado em outras cidades.<\/p>\n<p>A suspens\u00e3o n\u00e3o representa, por si s\u00f3, irregularidade confirmada. A medida interrompe o processo at\u00e9 que os esclarecimentos sejam apresentados e analisados pelo Tribunal de Contas. A Prodam informou que foi comunicada da decis\u00e3o e que prepara resposta t\u00e9cnica para tentar retomar o edital.<\/p>\n<p>O caso envolve quest\u00f5es relacionadas \u00e0 governan\u00e7a p\u00fablica, uso de tecnologia com intelig\u00eancia artificial e eventual explora\u00e7\u00e3o comercial de solu\u00e7\u00f5es desenvolvidas no \u00e2mbito municipal, o que exige crit\u00e9rios claros de sele\u00e7\u00e3o, transpar\u00eancia e seguran\u00e7a jur\u00eddica.<\/p>\n<p><strong>HostingPRESS Ag\u00eancia de Not\u00edcias de S\u00e3o Paulo<\/strong><br \/>Conte\u00fado distribu\u00eddo por nossa Central de Jornalismo<br \/>Reprodu\u00e7\u00e3o autorizada mediante cr\u00e9dito da fonte<\/p>\n<p>Portal criado para conectar os leitores da regi\u00e3o ao melhor conte\u00fado<\/p>\n<p>Somos l\u00edderes de audi\u00eancia local. Somos sociais.\u00a0Conecte-se conosco.<\/p>\n<\/p><\/div>\n<section>  \t<img alt=\"Avatar photo\" src=\"https:\/\/hostingpress.com.br\/wp-content\/uploads\/2026\/03\/cropped-Divilgacao-95x95.jpeg\"  height=\"95\" width=\"95\" decoding=\"async\">\t \t<\/p>\n<div>\n<p>Vinicius Moror\u00f3<\/p>\n<p>Editor-Executivo-Regional | Jornalista | Diretor Editorial    Editor-Executivo-Regional da HostingPress Ag\u00eancia de Not\u00edcias de S\u00e3o Paulo, com atua\u00e7\u00e3o voltada \u00e0 coordena\u00e7\u00e3o editorial regional, articula\u00e7\u00e3o com ve\u00edculos parceiros e fortalecimento da distribui\u00e7\u00e3o de conte\u00fado jornal\u00edstico no Estado de S\u00e3o Paulo.      Editor-chefe do Jornal Impacto Cotia, com foco em jornalismo investigativo, interesse p\u00fablico e an\u00e1lise cr\u00edtica de temas pol\u00edticos, sociais e institucionais.<\/p>\n<\/p><\/div>\n<\/section>\n","protected":false},"excerpt":{"rendered":"<p>Chamamento da Prodam buscava parceiro para levar solu\u00e7\u00e3o de monitoramento com intelig\u00eancia artificial a outros munic\u00edpios O Tribunal de Contas do Munic\u00edpio de S\u00e3o Paulo suspendeu o edital da Prodam que previa a escolha de uma empresa parceira para comercializar, a outras cidades brasileiras, uma solu\u00e7\u00e3o baseada no Smart Sampa, sistema municipal de monitoramento com<\/p>\n","protected":false},"author":34,"featured_media":155970,"comment_status":"closed","ping_status":"closed","sticky":false,"template":"","format":"standard","meta":{"footnotes":""},"categories":[34],"tags":[],"class_list":{"0":"post-155969","1":"post","2":"type-post","3":"status-publish","4":"format-standard","5":"has-post-thumbnail","7":"category-policia"},"_links":{"self":[{"href":"https:\/\/obuxixeiro.com.br\/index.php?rest_route=\/wp\/v2\/posts\/155969","targetHints":{"allow":["GET"]}}],"collection":[{"href":"https:\/\/obuxixeiro.com.br\/index.php?rest_route=\/wp\/v2\/posts"}],"about":[{"href":"https:\/\/obuxixeiro.com.br\/index.php?rest_route=\/wp\/v2\/types\/post"}],"author":[{"embeddable":true,"href":"https:\/\/obuxixeiro.com.br\/index.php?rest_route=\/wp\/v2\/users\/34"}],"replies":[{"embeddable":true,"href":"https:\/\/obuxixeiro.com.br\/index.php?rest_route=%2Fwp%2Fv2%2Fcomments&post=155969"}],"version-history":[{"count":0,"href":"https:\/\/obuxixeiro.com.br\/index.php?rest_route=\/wp\/v2\/posts\/155969\/revisions"}],"wp:featuredmedia":[{"embeddable":true,"href":"https:\/\/obuxixeiro.com.br\/index.php?rest_route=\/wp\/v2\/media\/155970"}],"wp:attachment":[{"href":"https:\/\/obuxixeiro.com.br\/index.php?rest_route=%2Fwp%2Fv2%2Fmedia&parent=155969"}],"wp:term":[{"taxonomy":"category","embeddable":true,"href":"https:\/\/obuxixeiro.com.br\/index.php?rest_route=%2Fwp%2Fv2%2Fcategories&post=155969"},{"taxonomy":"post_tag","embeddable":true,"href":"https:\/\/obuxixeiro.com.br\/index.php?rest_route=%2Fwp%2Fv2%2Ftags&post=155969"}],"curies":[{"name":"wp","href":"https:\/\/api.w.org\/{rel}","templated":true}]}}