{"id":156007,"date":"2026-04-26T10:55:08","date_gmt":"2026-04-26T13:55:08","guid":{"rendered":"https:\/\/obuxixeiro.com.br\/?p=156007"},"modified":"2026-04-26T10:55:08","modified_gmt":"2026-04-26T13:55:08","slug":"subea-leva-consultorio-movel-ao-north-park-na-segunda-27","status":"publish","type":"post","link":"https:\/\/obuxixeiro.com.br\/?p=156007","title":{"rendered":"Subea leva Consult\u00f3rio M\u00f3vel ao North Park na segunda (27)"},"content":{"rendered":"<p>A Superintend\u00eancia do Bem-Estar Animal (Subea) inicia, na pr\u00f3xima segunda-feira (27), a \u00faltima etapa de atendimentos do Consult\u00f3rio M\u00f3vel neste m\u00eas de abril, em Campo Grande.<\/p>\n<p>A unidade estar\u00e1 instalada na Associa\u00e7\u00e3o de Moradores do Bairro North Park, localizada na Rua Foz do Igua\u00e7u, n\u00ba 296, na regi\u00e3o da Mata do Segredo, onde permanece at\u00e9 o dia 30 de abril, sempre das 8h \u00e0s 13h.<\/p>\n<p>A a\u00e7\u00e3o oferece servi\u00e7os gratuitos para c\u00e3es e gatos, com foco na promo\u00e7\u00e3o da sa\u00fade animal e no controle populacional. Ser\u00e3o disponibilizadas, por dia, 15 senhas para castra\u00e7\u00e3o e 15 para consulta cl\u00ednica, vacina\u00e7\u00e3o antirr\u00e1bica e vermifuga\u00e7\u00e3o, distribu\u00eddas por ordem de chegada.<\/p>\n<p>Para participar, \u00e9 necess\u00e1rio apresentar cadastro atualizado e impresso no Cad\u00danico, documento oficial com foto e comprovante de resid\u00eancia.<\/p>\n<p>A iniciativa busca ampliar o acesso da popula\u00e7\u00e3o aos atendimentos veterin\u00e1rios b\u00e1sicos, contribuindo para o bem-estar dos animais e a qualidade de vida nas comunidades atendidas.<\/p>\n","protected":false},"excerpt":{"rendered":"<p>A Superintend\u00eancia do Bem-Estar Animal (Subea) inicia, na pr\u00f3xima segunda-feira (27), a \u00faltima etapa de atendimentos do Consult\u00f3rio M\u00f3vel neste m\u00eas de abril, em Campo Grande. A unidade estar\u00e1 instalada na Associa\u00e7\u00e3o de Moradores do Bairro North Park, localizada na Rua Foz do Igua\u00e7u, n\u00ba 296, na regi\u00e3o da Mata do Segredo, onde permanece at\u00e9<\/p>\n","protected":false},"author":159,"featured_media":156008,"comment_status":"open","ping_status":"open","sticky":false,"template":"","format":"standard","meta":{"footnotes":""},"categories":[75,59,35,78,1],"tags":[],"class_list":{"0":"post-156007","1":"post","2":"type-post","3":"status-publish","4":"format-standard","5":"has-post-thumbnail","7":"category-aonde-ir-na-regiao","8":"category-bairros","9":"category-cidades","10":"category-materias-especiais","11":"category-todas-noticias"},"_links":{"self":[{"href":"https:\/\/obuxixeiro.com.br\/index.php?rest_route=\/wp\/v2\/posts\/156007","targetHints":{"allow":["GET"]}}],"collection":[{"href":"https:\/\/obuxixeiro.com.br\/index.php?rest_route=\/wp\/v2\/posts"}],"about":[{"href":"https:\/\/obuxixeiro.com.br\/index.php?rest_route=\/wp\/v2\/types\/post"}],"author":[{"embeddable":true,"href":"https:\/\/obuxixeiro.com.br\/index.php?rest_route=\/wp\/v2\/users\/159"}],"replies":[{"embeddable":true,"href":"https:\/\/obuxixeiro.com.br\/index.php?rest_route=%2Fwp%2Fv2%2Fcomments&post=156007"}],"version-history":[{"count":1,"href":"https:\/\/obuxixeiro.com.br\/index.php?rest_route=\/wp\/v2\/posts\/156007\/revisions"}],"predecessor-version":[{"id":156009,"href":"https:\/\/obuxixeiro.com.br\/index.php?rest_route=\/wp\/v2\/posts\/156007\/revisions\/156009"}],"wp:featuredmedia":[{"embeddable":true,"href":"https:\/\/obuxixeiro.com.br\/index.php?rest_route=\/wp\/v2\/media\/156008"}],"wp:attachment":[{"href":"https:\/\/obuxixeiro.com.br\/index.php?rest_route=%2Fwp%2Fv2%2Fmedia&parent=156007"}],"wp:term":[{"taxonomy":"category","embeddable":true,"href":"https:\/\/obuxixeiro.com.br\/index.php?rest_route=%2Fwp%2Fv2%2Fcategories&post=156007"},{"taxonomy":"post_tag","embeddable":true,"href":"https:\/\/obuxixeiro.com.br\/index.php?rest_route=%2Fwp%2Fv2%2Ftags&post=156007"}],"curies":[{"name":"wp","href":"https:\/\/api.w.org\/{rel}","templated":true}]}}