{"id":156085,"date":"2026-04-26T22:52:00","date_gmt":"2026-04-27T01:52:00","guid":{"rendered":"https:\/\/obuxixeiro.com.br\/2026\/04\/26\/feirao-de-emprego-em-vinhedo-oferece-mais-de-350-vagas-nesta-segunda-feira\/"},"modified":"2026-04-26T22:52:00","modified_gmt":"2026-04-27T01:52:00","slug":"feirao-de-emprego-em-vinhedo-oferece-mais-de-350-vagas-nesta-segunda-feira","status":"publish","type":"post","link":"https:\/\/obuxixeiro.com.br\/?p=156085","title":{"rendered":"Feir\u00e3o de emprego em Vinhedo oferece mais de 350 vagas nesta segunda-feira"},"content":{"rendered":"\n<div>\n<p><strong>A\u00e7\u00e3o do PAT re\u00fane empresas e amplia oportunidades de inser\u00e7\u00e3o no mercado de trabalho<\/strong><\/p>\n<p>Um feir\u00e3o de emprego realizado em Vinhedo, no interior de S\u00e3o Paulo, disponibiliza <strong>mais de 350 vagas de trabalho<\/strong> nesta segunda-feira (27). A a\u00e7\u00e3o \u00e9 organizada pelo Posto de Atendimento ao Trabalhador (PAT) e re\u00fane empresas interessadas em contratar profissionais na regi\u00e3o.<\/p>\n<p>Segundo as informa\u00e7\u00f5es divulgadas, o evento tem como objetivo <strong>facilitar o acesso da popula\u00e7\u00e3o \u00e0s oportunidades de emprego<\/strong>, concentrando processos seletivos em um \u00fanico local e permitindo contato direto entre candidatos e empregadores.<\/p>\n<p>As vagas contemplam diferentes \u00e1reas e n\u00edveis de qualifica\u00e7\u00e3o, ampliando as chances para trabalhadores com <strong>perfis variados<\/strong>, desde fun\u00e7\u00f5es operacionais at\u00e9 cargos que exigem experi\u00eancia espec\u00edfica.<\/p>\n<p>A iniciativa faz parte de pol\u00edticas p\u00fablicas voltadas \u00e0 empregabilidade, buscando reduzir o desemprego e promover <strong>integra\u00e7\u00e3o entre empresas e m\u00e3o de obra local<\/strong>.<\/p>\n<p>Os interessados devem comparecer ao local do evento com documentos pessoais e curr\u00edculo atualizado, o que pode <strong>agilizar o encaminhamento para entrevistas e etapas de sele\u00e7\u00e3o<\/strong>.<\/p>\n<p>A realiza\u00e7\u00e3o de feir\u00f5es de emprego \u00e9 uma estrat\u00e9gia recorrente para estimular o mercado de trabalho regional, especialmente em momentos de maior demanda por contrata\u00e7\u00e3o.<\/p>\n<p><strong>HostingPRESS Ag\u00eancia de Not\u00edcias de S\u00e3o Paulo<\/strong><br \/>Conte\u00fado distribu\u00eddo por nossa Central de Jornalismo<br \/>Reprodu\u00e7\u00e3o autorizada mediante cr\u00e9dito da fonte<\/p>\n<p>Portal criado para conectar os leitores da regi\u00e3o ao melhor conte\u00fado<\/p>\n<p>Somos l\u00edderes de audi\u00eancia local. Somos sociais.\u00a0Conecte-se conosco.<\/p>\n<\/p><\/div>\n<section>  \t<img alt=\"Avatar photo\" src=\"https:\/\/hostingpress.com.br\/wp-content\/uploads\/2026\/03\/cropped-Divilgacao-95x95.jpeg\"  height=\"95\" width=\"95\" decoding=\"async\">\t \t<\/p>\n<div>\n<p>Vinicius Moror\u00f3<\/p>\n<p>Editor-Executivo-Regional | Jornalista | Diretor Editorial    Editor-Executivo-Regional da HostingPress Ag\u00eancia de Not\u00edcias de S\u00e3o Paulo, com atua\u00e7\u00e3o voltada \u00e0 coordena\u00e7\u00e3o editorial regional, articula\u00e7\u00e3o com ve\u00edculos parceiros e fortalecimento da distribui\u00e7\u00e3o de conte\u00fado jornal\u00edstico no Estado de S\u00e3o Paulo.      Editor-chefe do Jornal Impacto Cotia, com foco em jornalismo investigativo, interesse p\u00fablico e an\u00e1lise cr\u00edtica de temas pol\u00edticos, sociais e institucionais.<\/p>\n<\/p><\/div>\n<\/section>\n","protected":false},"excerpt":{"rendered":"<p>A\u00e7\u00e3o do PAT re\u00fane empresas e amplia oportunidades de inser\u00e7\u00e3o no mercado de trabalho Um feir\u00e3o de emprego realizado em Vinhedo, no interior de S\u00e3o Paulo, disponibiliza mais de 350 vagas de trabalho nesta segunda-feira (27). A a\u00e7\u00e3o \u00e9 organizada pelo Posto de Atendimento ao Trabalhador (PAT) e re\u00fane empresas interessadas em contratar profissionais na<\/p>\n","protected":false},"author":808,"featured_media":156086,"comment_status":"closed","ping_status":"closed","sticky":false,"template":"","format":"standard","meta":{"footnotes":""},"categories":[32,1],"tags":[],"class_list":{"0":"post-156085","1":"post","2":"type-post","3":"status-publish","4":"format-standard","5":"has-post-thumbnail","7":"category-brasil","8":"category-todas-noticias"},"_links":{"self":[{"href":"https:\/\/obuxixeiro.com.br\/index.php?rest_route=\/wp\/v2\/posts\/156085","targetHints":{"allow":["GET"]}}],"collection":[{"href":"https:\/\/obuxixeiro.com.br\/index.php?rest_route=\/wp\/v2\/posts"}],"about":[{"href":"https:\/\/obuxixeiro.com.br\/index.php?rest_route=\/wp\/v2\/types\/post"}],"author":[{"embeddable":true,"href":"https:\/\/obuxixeiro.com.br\/index.php?rest_route=\/wp\/v2\/users\/808"}],"replies":[{"embeddable":true,"href":"https:\/\/obuxixeiro.com.br\/index.php?rest_route=%2Fwp%2Fv2%2Fcomments&post=156085"}],"version-history":[{"count":0,"href":"https:\/\/obuxixeiro.com.br\/index.php?rest_route=\/wp\/v2\/posts\/156085\/revisions"}],"wp:featuredmedia":[{"embeddable":true,"href":"https:\/\/obuxixeiro.com.br\/index.php?rest_route=\/wp\/v2\/media\/156086"}],"wp:attachment":[{"href":"https:\/\/obuxixeiro.com.br\/index.php?rest_route=%2Fwp%2Fv2%2Fmedia&parent=156085"}],"wp:term":[{"taxonomy":"category","embeddable":true,"href":"https:\/\/obuxixeiro.com.br\/index.php?rest_route=%2Fwp%2Fv2%2Fcategories&post=156085"},{"taxonomy":"post_tag","embeddable":true,"href":"https:\/\/obuxixeiro.com.br\/index.php?rest_route=%2Fwp%2Fv2%2Ftags&post=156085"}],"curies":[{"name":"wp","href":"https:\/\/api.w.org\/{rel}","templated":true}]}}