{"id":156087,"date":"2026-04-26T22:47:00","date_gmt":"2026-04-27T01:47:00","guid":{"rendered":"https:\/\/obuxixeiro.com.br\/2026\/04\/26\/polo-aeroespacial-de-sao-jose-dos-campos-recebe-incentivo-e-amplia-projetos-industriais\/"},"modified":"2026-04-26T22:47:00","modified_gmt":"2026-04-27T01:47:00","slug":"polo-aeroespacial-de-sao-jose-dos-campos-recebe-incentivo-e-amplia-projetos-industriais","status":"publish","type":"post","link":"https:\/\/obuxixeiro.com.br\/?p=156087","title":{"rendered":"Polo aeroespacial de S\u00e3o Jos\u00e9 dos Campos recebe incentivo e amplia projetos industriais"},"content":{"rendered":"\n<div>\n<p><strong>Programa estadual impulsiona setor estrat\u00e9gico com investimentos e est\u00edmulo \u00e0 inova\u00e7\u00e3o tecnol\u00f3gica<\/strong><\/p>\n<p>O polo aeroespacial de S\u00e3o Jos\u00e9 dos Campos, no interior de S\u00e3o Paulo, tem recebido incentivo por meio de pol\u00edticas p\u00fablicas voltadas ao desenvolvimento industrial, com apoio do programa estadual de fomento \u00e0 produ\u00e7\u00e3o. A iniciativa busca <strong>fortalecer a cadeia produtiva e ampliar projetos no setor aeroespacial<\/strong>.<\/p>\n<p>Segundo as informa\u00e7\u00f5es divulgadas, o programa atua na <strong>libera\u00e7\u00e3o de recursos e apoio a empresas estrat\u00e9gicas<\/strong>, com foco em inova\u00e7\u00e3o, tecnologia e aumento da competitividade industrial. O objetivo \u00e9 consolidar o munic\u00edpio como um dos principais centros do setor no pa\u00eds.<\/p>\n<p>S\u00e3o Jos\u00e9 dos Campos j\u00e1 concentra empresas e institui\u00e7\u00f5es ligadas \u00e0 ind\u00fastria aeroespacial, o que favorece a expans\u00e3o de projetos e o desenvolvimento de <strong>novas solu\u00e7\u00f5es tecnol\u00f3gicas voltadas \u00e0 avia\u00e7\u00e3o e \u00e0 defesa<\/strong>.<\/p>\n<p>O incentivo estadual tamb\u00e9m visa <strong>estimular gera\u00e7\u00e3o de empregos qualificados e atrair investimentos<\/strong>, fortalecendo o ambiente de neg\u00f3cios e a capacidade produtiva local.<\/p>\n<p>Especialistas apontam que o setor aeroespacial exige alto n\u00edvel de inova\u00e7\u00e3o e integra\u00e7\u00e3o entre empresas, universidades e centros de pesquisa, o que torna essencial o apoio cont\u00ednuo de pol\u00edticas p\u00fablicas.<\/p>\n<p>A estrat\u00e9gia refor\u00e7a a import\u00e2ncia do polo como vetor de desenvolvimento econ\u00f4mico e tecnol\u00f3gico, com impacto direto na <strong>economia regional e na posi\u00e7\u00e3o do Brasil em setores de alta complexidade<\/strong>.<\/p>\n<p><strong>HostingPRESS Ag\u00eancia de Not\u00edcias de S\u00e3o Paulo<\/strong><br \/>Conte\u00fado distribu\u00eddo por nossa Central de Jornalismo<br \/>Reprodu\u00e7\u00e3o autorizada mediante cr\u00e9dito da fonte<\/p>\n<p>Portal criado para conectar os leitores da regi\u00e3o ao melhor conte\u00fado<\/p>\n<p>Somos l\u00edderes de audi\u00eancia local. Somos sociais.\u00a0Conecte-se conosco.<\/p>\n<\/p><\/div>\n<section>  \t<img alt=\"Avatar photo\" src=\"https:\/\/hostingpress.com.br\/wp-content\/uploads\/2026\/03\/cropped-Divilgacao-95x95.jpeg\"  height=\"95\" width=\"95\" decoding=\"async\">\t \t<\/p>\n<div>\n<p>Vinicius Moror\u00f3<\/p>\n<p>Editor-Executivo-Regional | Jornalista | Diretor Editorial    Editor-Executivo-Regional da HostingPress Ag\u00eancia de Not\u00edcias de S\u00e3o Paulo, com atua\u00e7\u00e3o voltada \u00e0 coordena\u00e7\u00e3o editorial regional, articula\u00e7\u00e3o com ve\u00edculos parceiros e fortalecimento da distribui\u00e7\u00e3o de conte\u00fado jornal\u00edstico no Estado de S\u00e3o Paulo.      Editor-chefe do Jornal Impacto Cotia, com foco em jornalismo investigativo, interesse p\u00fablico e an\u00e1lise cr\u00edtica de temas pol\u00edticos, sociais e institucionais.<\/p>\n<\/p><\/div>\n<\/section>\n","protected":false},"excerpt":{"rendered":"<p>Programa estadual impulsiona setor estrat\u00e9gico com investimentos e est\u00edmulo \u00e0 inova\u00e7\u00e3o tecnol\u00f3gica O polo aeroespacial de S\u00e3o Jos\u00e9 dos Campos, no interior de S\u00e3o Paulo, tem recebido incentivo por meio de pol\u00edticas p\u00fablicas voltadas ao desenvolvimento industrial, com apoio do programa estadual de fomento \u00e0 produ\u00e7\u00e3o. A iniciativa busca fortalecer a cadeia produtiva e ampliar<\/p>\n","protected":false},"author":808,"featured_media":156088,"comment_status":"closed","ping_status":"closed","sticky":false,"template":"","format":"standard","meta":{"footnotes":""},"categories":[32,1],"tags":[],"class_list":{"0":"post-156087","1":"post","2":"type-post","3":"status-publish","4":"format-standard","5":"has-post-thumbnail","7":"category-brasil","8":"category-todas-noticias"},"_links":{"self":[{"href":"https:\/\/obuxixeiro.com.br\/index.php?rest_route=\/wp\/v2\/posts\/156087","targetHints":{"allow":["GET"]}}],"collection":[{"href":"https:\/\/obuxixeiro.com.br\/index.php?rest_route=\/wp\/v2\/posts"}],"about":[{"href":"https:\/\/obuxixeiro.com.br\/index.php?rest_route=\/wp\/v2\/types\/post"}],"author":[{"embeddable":true,"href":"https:\/\/obuxixeiro.com.br\/index.php?rest_route=\/wp\/v2\/users\/808"}],"replies":[{"embeddable":true,"href":"https:\/\/obuxixeiro.com.br\/index.php?rest_route=%2Fwp%2Fv2%2Fcomments&post=156087"}],"version-history":[{"count":0,"href":"https:\/\/obuxixeiro.com.br\/index.php?rest_route=\/wp\/v2\/posts\/156087\/revisions"}],"wp:featuredmedia":[{"embeddable":true,"href":"https:\/\/obuxixeiro.com.br\/index.php?rest_route=\/wp\/v2\/media\/156088"}],"wp:attachment":[{"href":"https:\/\/obuxixeiro.com.br\/index.php?rest_route=%2Fwp%2Fv2%2Fmedia&parent=156087"}],"wp:term":[{"taxonomy":"category","embeddable":true,"href":"https:\/\/obuxixeiro.com.br\/index.php?rest_route=%2Fwp%2Fv2%2Fcategories&post=156087"},{"taxonomy":"post_tag","embeddable":true,"href":"https:\/\/obuxixeiro.com.br\/index.php?rest_route=%2Fwp%2Fv2%2Ftags&post=156087"}],"curies":[{"name":"wp","href":"https:\/\/api.w.org\/{rel}","templated":true}]}}