{"id":156089,"date":"2026-04-27T04:41:44","date_gmt":"2026-04-27T07:41:44","guid":{"rendered":"https:\/\/obuxixeiro.com.br\/2026\/04\/27\/operacao-conjunta-da-pm-e-pf-prende-procurado-por-trafico-internacional-de-drogas-em-ilhabela\/"},"modified":"2026-04-27T04:41:44","modified_gmt":"2026-04-27T07:41:44","slug":"operacao-conjunta-da-pm-e-pf-prende-procurado-por-trafico-internacional-de-drogas-em-ilhabela","status":"publish","type":"post","link":"https:\/\/obuxixeiro.com.br\/?p=156089","title":{"rendered":"Opera\u00e7\u00e3o conjunta da PM e PF prende procurado por tr\u00e1fico internacional de drogas em Ilhabela"},"content":{"rendered":"\n<div>\n<p><strong>Suspeito era alvo de investiga\u00e7\u00f5es e foi localizado durante a\u00e7\u00e3o integrada das for\u00e7as de seguran\u00e7a<\/strong><\/p>\n<p>Uma a\u00e7\u00e3o conjunta da Pol\u00edcia Militar e da Pol\u00edcia Federal resultou na <strong>pris\u00e3o de um homem procurado por tr\u00e1fico internacional de drogas<\/strong> em Ilhabela, no litoral norte de S\u00e3o Paulo. A captura ocorreu durante opera\u00e7\u00e3o coordenada entre as for\u00e7as de seguran\u00e7a.<\/p>\n<p>Segundo as informa\u00e7\u00f5es divulgadas, o suspeito era considerado <strong>foragido e alvo de investiga\u00e7\u00f5es relacionadas ao crime organizado<\/strong>, sendo localizado ap\u00f3s trabalho de intelig\u00eancia e monitoramento das autoridades.<\/p>\n<p>A pris\u00e3o foi realizada sem registro de confronto, e o homem foi <strong>encaminhado \u00e0s autoridades competentes<\/strong>, onde permanece \u00e0 disposi\u00e7\u00e3o da Justi\u00e7a. O caso segue sob responsabilidade da Pol\u00edcia Federal, que conduz as investiga\u00e7\u00f5es.<\/p>\n<p>A atua\u00e7\u00e3o conjunta entre PM e PF faz parte de estrat\u00e9gias de combate a crimes de maior complexidade, como o <strong>tr\u00e1fico internacional de drogas<\/strong>, que envolve redes estruturadas e atua\u00e7\u00e3o al\u00e9m das fronteiras nacionais.<\/p>\n<p>As autoridades n\u00e3o divulgaram detalhes sobre a identidade do suspeito nem sobre a extens\u00e3o de sua atua\u00e7\u00e3o, informa\u00e7\u00f5es que devem ser apuradas ao longo do processo investigativo.<\/p>\n<p>A opera\u00e7\u00e3o refor\u00e7a o papel da integra\u00e7\u00e3o entre for\u00e7as de seguran\u00e7a no enfrentamento ao crime organizado, especialmente em regi\u00f5es estrat\u00e9gicas como o litoral paulista.<\/p>\n<p><strong>HostingPRESS Ag\u00eancia de Not\u00edcias de S\u00e3o Paulo<\/strong><br \/>Conte\u00fado distribu\u00eddo por nossa Central de Jornalismo<br \/>Reprodu\u00e7\u00e3o autorizada mediante cr\u00e9dito da fonte<\/p>\n<p>Portal criado para conectar os leitores da regi\u00e3o ao melhor conte\u00fado<\/p>\n<p>Somos l\u00edderes de audi\u00eancia local. Somos sociais.\u00a0Conecte-se conosco.<\/p>\n<\/p><\/div>\n<section>  \t<img alt=\"Avatar photo\" src=\"https:\/\/hostingpress.com.br\/wp-content\/uploads\/2026\/03\/cropped-Divilgacao-95x95.jpeg\"  height=\"95\" width=\"95\" decoding=\"async\">\t \t<\/p>\n<div>\n<p>Vinicius Moror\u00f3<\/p>\n<p>Editor-Executivo-Regional | Jornalista | Diretor Editorial    Editor-Executivo-Regional da HostingPress Ag\u00eancia de Not\u00edcias de S\u00e3o Paulo, com atua\u00e7\u00e3o voltada \u00e0 coordena\u00e7\u00e3o editorial regional, articula\u00e7\u00e3o com ve\u00edculos parceiros e fortalecimento da distribui\u00e7\u00e3o de conte\u00fado jornal\u00edstico no Estado de S\u00e3o Paulo.      Editor-chefe do Jornal Impacto Cotia, com foco em jornalismo investigativo, interesse p\u00fablico e an\u00e1lise cr\u00edtica de temas pol\u00edticos, sociais e institucionais.<\/p>\n<\/p><\/div>\n<\/section>\n","protected":false},"excerpt":{"rendered":"<p>Suspeito era alvo de investiga\u00e7\u00f5es e foi localizado durante a\u00e7\u00e3o integrada das for\u00e7as de seguran\u00e7a Uma a\u00e7\u00e3o conjunta da Pol\u00edcia Militar e da Pol\u00edcia Federal resultou na pris\u00e3o de um homem procurado por tr\u00e1fico internacional de drogas em Ilhabela, no litoral norte de S\u00e3o Paulo. A captura ocorreu durante opera\u00e7\u00e3o coordenada entre as for\u00e7as de<\/p>\n","protected":false},"author":808,"featured_media":156090,"comment_status":"closed","ping_status":"closed","sticky":false,"template":"","format":"standard","meta":{"footnotes":""},"categories":[35],"tags":[],"class_list":{"0":"post-156089","1":"post","2":"type-post","3":"status-publish","4":"format-standard","5":"has-post-thumbnail","7":"category-cidades"},"_links":{"self":[{"href":"https:\/\/obuxixeiro.com.br\/index.php?rest_route=\/wp\/v2\/posts\/156089","targetHints":{"allow":["GET"]}}],"collection":[{"href":"https:\/\/obuxixeiro.com.br\/index.php?rest_route=\/wp\/v2\/posts"}],"about":[{"href":"https:\/\/obuxixeiro.com.br\/index.php?rest_route=\/wp\/v2\/types\/post"}],"author":[{"embeddable":true,"href":"https:\/\/obuxixeiro.com.br\/index.php?rest_route=\/wp\/v2\/users\/808"}],"replies":[{"embeddable":true,"href":"https:\/\/obuxixeiro.com.br\/index.php?rest_route=%2Fwp%2Fv2%2Fcomments&post=156089"}],"version-history":[{"count":0,"href":"https:\/\/obuxixeiro.com.br\/index.php?rest_route=\/wp\/v2\/posts\/156089\/revisions"}],"wp:featuredmedia":[{"embeddable":true,"href":"https:\/\/obuxixeiro.com.br\/index.php?rest_route=\/wp\/v2\/media\/156090"}],"wp:attachment":[{"href":"https:\/\/obuxixeiro.com.br\/index.php?rest_route=%2Fwp%2Fv2%2Fmedia&parent=156089"}],"wp:term":[{"taxonomy":"category","embeddable":true,"href":"https:\/\/obuxixeiro.com.br\/index.php?rest_route=%2Fwp%2Fv2%2Fcategories&post=156089"},{"taxonomy":"post_tag","embeddable":true,"href":"https:\/\/obuxixeiro.com.br\/index.php?rest_route=%2Fwp%2Fv2%2Ftags&post=156089"}],"curies":[{"name":"wp","href":"https:\/\/api.w.org\/{rel}","templated":true}]}}