{"id":156091,"date":"2026-04-27T04:41:43","date_gmt":"2026-04-27T07:41:43","guid":{"rendered":"https:\/\/obuxixeiro.com.br\/2026\/04\/27\/especialistas-alertam-para-controle-da-pressao-arterial-no-dia-de-combate-a-hipertensao\/"},"modified":"2026-04-27T04:41:43","modified_gmt":"2026-04-27T07:41:43","slug":"especialistas-alertam-para-controle-da-pressao-arterial-no-dia-de-combate-a-hipertensao","status":"publish","type":"post","link":"https:\/\/obuxixeiro.com.br\/?p=156091","title":{"rendered":"Especialistas alertam para controle da press\u00e3o arterial no Dia de Combate \u00e0 Hipertens\u00e3o"},"content":{"rendered":"\n<div>\n<p><strong>Cardiologistas refor\u00e7am a import\u00e2ncia da medi\u00e7\u00e3o regular para prevenir complica\u00e7\u00f5es graves<\/strong><\/p>\n<p>No Dia Nacional de Preven\u00e7\u00e3o e Combate \u00e0 Hipertens\u00e3o, especialistas destacam a import\u00e2ncia de <strong>monitorar regularmente a press\u00e3o arterial<\/strong> como forma de prevenir doen\u00e7as cardiovasculares. O alerta \u00e9 refor\u00e7ado por cardiologistas ligados ao sistema p\u00fablico de sa\u00fade em S\u00e3o Paulo.<\/p>\n<p>De acordo com as orienta\u00e7\u00f5es m\u00e9dicas, a hipertens\u00e3o \u00e9 uma condi\u00e7\u00e3o muitas vezes <strong>silenciosa<\/strong>, que pode evoluir sem sintomas aparentes e levar a complica\u00e7\u00f5es graves, como <strong>infarto, AVC e insufici\u00eancia renal<\/strong>.<\/p>\n<p>Os especialistas recomendam que a popula\u00e7\u00e3o mantenha o h\u00e1bito de <strong>aferir a press\u00e3o com frequ\u00eancia<\/strong>, especialmente pessoas com hist\u00f3rico familiar ou fatores de risco, como sedentarismo, alimenta\u00e7\u00e3o inadequada e estresse.<\/p>\n<p>Al\u00e9m do acompanhamento regular, medidas como <strong>redu\u00e7\u00e3o do consumo de sal, pr\u00e1tica de atividades f\u00edsicas e acompanhamento m\u00e9dico cont\u00ednuo<\/strong> s\u00e3o apontadas como fundamentais para o controle da doen\u00e7a.<\/p>\n<p>O diagn\u00f3stico precoce \u00e9 considerado um dos principais aliados no combate \u00e0 hipertens\u00e3o, permitindo <strong>tratamento adequado e redu\u00e7\u00e3o de riscos \u00e0 sa\u00fade<\/strong> ao longo do tempo.<\/p>\n<p>A data refor\u00e7a a import\u00e2ncia de pol\u00edticas p\u00fablicas e campanhas de conscientiza\u00e7\u00e3o voltadas \u00e0 preven\u00e7\u00e3o, ampliando o acesso \u00e0 informa\u00e7\u00e3o e incentivando h\u00e1bitos mais saud\u00e1veis na popula\u00e7\u00e3o.<\/p>\n<p><strong>HostingPRESS Ag\u00eancia de Not\u00edcias de S\u00e3o Paulo<\/strong><br \/>Conte\u00fado distribu\u00eddo por nossa Central de Jornalismo<br \/>Reprodu\u00e7\u00e3o autorizada mediante cr\u00e9dito da fonte<\/p>\n<p>Portal criado para conectar os leitores da regi\u00e3o ao melhor conte\u00fado<\/p>\n<p>Somos l\u00edderes de audi\u00eancia local. Somos sociais.\u00a0Conecte-se conosco.<\/p>\n<\/p><\/div>\n<section>  \t<img alt=\"Avatar photo\" src=\"https:\/\/hostingpress.com.br\/wp-content\/uploads\/2026\/03\/cropped-Divilgacao-95x95.jpeg\"  height=\"95\" width=\"95\" decoding=\"async\">\t \t<\/p>\n<div>\n<p>Vinicius Moror\u00f3<\/p>\n<p>Editor-Executivo-Regional | Jornalista | Diretor Editorial    Editor-Executivo-Regional da HostingPress Ag\u00eancia de Not\u00edcias de S\u00e3o Paulo, com atua\u00e7\u00e3o voltada \u00e0 coordena\u00e7\u00e3o editorial regional, articula\u00e7\u00e3o com ve\u00edculos parceiros e fortalecimento da distribui\u00e7\u00e3o de conte\u00fado jornal\u00edstico no Estado de S\u00e3o Paulo.      Editor-chefe do Jornal Impacto Cotia, com foco em jornalismo investigativo, interesse p\u00fablico e an\u00e1lise cr\u00edtica de temas pol\u00edticos, sociais e institucionais.<\/p>\n<\/p><\/div>\n<\/section>\n","protected":false},"excerpt":{"rendered":"<p>Cardiologistas refor\u00e7am a import\u00e2ncia da medi\u00e7\u00e3o regular para prevenir complica\u00e7\u00f5es graves No Dia Nacional de Preven\u00e7\u00e3o e Combate \u00e0 Hipertens\u00e3o, especialistas destacam a import\u00e2ncia de monitorar regularmente a press\u00e3o arterial como forma de prevenir doen\u00e7as cardiovasculares. O alerta \u00e9 refor\u00e7ado por cardiologistas ligados ao sistema p\u00fablico de sa\u00fade em S\u00e3o Paulo. De acordo com as<\/p>\n","protected":false},"author":808,"featured_media":156092,"comment_status":"closed","ping_status":"closed","sticky":false,"template":"","format":"standard","meta":{"footnotes":""},"categories":[35],"tags":[],"class_list":{"0":"post-156091","1":"post","2":"type-post","3":"status-publish","4":"format-standard","5":"has-post-thumbnail","7":"category-cidades"},"_links":{"self":[{"href":"https:\/\/obuxixeiro.com.br\/index.php?rest_route=\/wp\/v2\/posts\/156091","targetHints":{"allow":["GET"]}}],"collection":[{"href":"https:\/\/obuxixeiro.com.br\/index.php?rest_route=\/wp\/v2\/posts"}],"about":[{"href":"https:\/\/obuxixeiro.com.br\/index.php?rest_route=\/wp\/v2\/types\/post"}],"author":[{"embeddable":true,"href":"https:\/\/obuxixeiro.com.br\/index.php?rest_route=\/wp\/v2\/users\/808"}],"replies":[{"embeddable":true,"href":"https:\/\/obuxixeiro.com.br\/index.php?rest_route=%2Fwp%2Fv2%2Fcomments&post=156091"}],"version-history":[{"count":0,"href":"https:\/\/obuxixeiro.com.br\/index.php?rest_route=\/wp\/v2\/posts\/156091\/revisions"}],"wp:featuredmedia":[{"embeddable":true,"href":"https:\/\/obuxixeiro.com.br\/index.php?rest_route=\/wp\/v2\/media\/156092"}],"wp:attachment":[{"href":"https:\/\/obuxixeiro.com.br\/index.php?rest_route=%2Fwp%2Fv2%2Fmedia&parent=156091"}],"wp:term":[{"taxonomy":"category","embeddable":true,"href":"https:\/\/obuxixeiro.com.br\/index.php?rest_route=%2Fwp%2Fv2%2Fcategories&post=156091"},{"taxonomy":"post_tag","embeddable":true,"href":"https:\/\/obuxixeiro.com.br\/index.php?rest_route=%2Fwp%2Fv2%2Ftags&post=156091"}],"curies":[{"name":"wp","href":"https:\/\/api.w.org\/{rel}","templated":true}]}}