{"id":156093,"date":"2026-04-27T04:41:42","date_gmt":"2026-04-27T07:41:42","guid":{"rendered":"https:\/\/obuxixeiro.com.br\/2026\/04\/27\/justica-condena-estado-de-sp-a-indenizar-detentos-por-casos-de-tortura-em-unidades-prisionais\/"},"modified":"2026-04-27T04:41:42","modified_gmt":"2026-04-27T07:41:42","slug":"justica-condena-estado-de-sp-a-indenizar-detentos-por-casos-de-tortura-em-unidades-prisionais","status":"publish","type":"post","link":"https:\/\/obuxixeiro.com.br\/?p=156093","title":{"rendered":"Justi\u00e7a condena Estado de SP a indenizar detentos por casos de tortura em unidades prisionais"},"content":{"rendered":"\n<div>\n<p><strong>Decis\u00e3o reconhece viola\u00e7\u00f5es e determina pagamento de indeniza\u00e7\u00f5es por danos morais<\/strong><\/p>\n<p>A Justi\u00e7a condenou o Estado de S\u00e3o Paulo ao pagamento de indeniza\u00e7\u00e3o a detentos por <strong>pr\u00e1ticas de tortura registradas em unidades prisionais<\/strong>. A decis\u00e3o judicial reconhece que houve <strong>viola\u00e7\u00e3o de direitos fundamentais<\/strong> durante a cust\u00f3dia dos presos.<\/p>\n<p>Segundo as informa\u00e7\u00f5es divulgadas, os casos analisados envolvem <strong>abusos cometidos contra pessoas privadas de liberdade<\/strong>, o que motivou a responsabiliza\u00e7\u00e3o do poder p\u00fablico. A condena\u00e7\u00e3o prev\u00ea <strong>pagamento de indeniza\u00e7\u00f5es por danos morais \u00e0s v\u00edtimas<\/strong>.<\/p>\n<p>O entendimento judicial considera que o Estado tem <strong>responsabilidade direta pela integridade f\u00edsica e psicol\u00f3gica de detentos<\/strong>, uma vez que est\u00e3o sob sua cust\u00f3dia. Dessa forma, falhas na garantia desses direitos podem gerar obriga\u00e7\u00e3o de repara\u00e7\u00e3o.<\/p>\n<p>Os epis\u00f3dios de tortura foram objeto de apura\u00e7\u00e3o e an\u00e1lise no processo, que levou em conta <strong>relatos, provas e circunst\u00e2ncias apresentadas ao longo da a\u00e7\u00e3o judicial<\/strong>. A decis\u00e3o refor\u00e7a o dever legal de prote\u00e7\u00e3o mesmo em ambientes prisionais.<\/p>\n<p>Casos como esse est\u00e3o inseridos em um debate mais amplo sobre <strong>condi\u00e7\u00f5es do sistema prisional brasileiro e respeito aos direitos humanos<\/strong>, especialmente no que se refere ao tratamento de pessoas sob cust\u00f3dia do Estado.<\/p>\n<p>Ainda cabe possibilidade de recurso, e os desdobramentos depender\u00e3o das etapas seguintes no Judici\u00e1rio. A decis\u00e3o, no entanto, estabelece um precedente relevante sobre a <strong>responsabiliza\u00e7\u00e3o estatal em casos de viola\u00e7\u00e3o de direitos dentro do sistema prisional<\/strong>.<\/p>\n<p><strong>HostingPRESS Ag\u00eancia de Not\u00edcias de S\u00e3o Paulo<\/strong><br \/>Conte\u00fado distribu\u00eddo por nossa Central de Jornalismo<br \/>Reprodu\u00e7\u00e3o autorizada mediante cr\u00e9dito da fonte<\/p>\n<p>Portal criado para conectar os leitores da regi\u00e3o ao melhor conte\u00fado<\/p>\n<p>Somos l\u00edderes de audi\u00eancia local. Somos sociais.\u00a0Conecte-se conosco.<\/p>\n<\/p><\/div>\n<section>  \t<img alt=\"Avatar photo\" src=\"https:\/\/hostingpress.com.br\/wp-content\/uploads\/2026\/03\/cropped-Divilgacao-95x95.jpeg\"  height=\"95\" width=\"95\" decoding=\"async\">\t \t<\/p>\n<div>\n<p>Vinicius Moror\u00f3<\/p>\n<p>Editor-Executivo-Regional | Jornalista | Diretor Editorial    Editor-Executivo-Regional da HostingPress Ag\u00eancia de Not\u00edcias de S\u00e3o Paulo, com atua\u00e7\u00e3o voltada \u00e0 coordena\u00e7\u00e3o editorial regional, articula\u00e7\u00e3o com ve\u00edculos parceiros e fortalecimento da distribui\u00e7\u00e3o de conte\u00fado jornal\u00edstico no Estado de S\u00e3o Paulo.      Editor-chefe do Jornal Impacto Cotia, com foco em jornalismo investigativo, interesse p\u00fablico e an\u00e1lise cr\u00edtica de temas pol\u00edticos, sociais e institucionais.<\/p>\n<\/p><\/div>\n<\/section>\n","protected":false},"excerpt":{"rendered":"<p>Decis\u00e3o reconhece viola\u00e7\u00f5es e determina pagamento de indeniza\u00e7\u00f5es por danos morais A Justi\u00e7a condenou o Estado de S\u00e3o Paulo ao pagamento de indeniza\u00e7\u00e3o a detentos por pr\u00e1ticas de tortura registradas em unidades prisionais. A decis\u00e3o judicial reconhece que houve viola\u00e7\u00e3o de direitos fundamentais durante a cust\u00f3dia dos presos. Segundo as informa\u00e7\u00f5es divulgadas, os casos analisados<\/p>\n","protected":false},"author":808,"featured_media":156094,"comment_status":"closed","ping_status":"closed","sticky":false,"template":"","format":"standard","meta":{"footnotes":""},"categories":[35],"tags":[],"class_list":{"0":"post-156093","1":"post","2":"type-post","3":"status-publish","4":"format-standard","5":"has-post-thumbnail","7":"category-cidades"},"_links":{"self":[{"href":"https:\/\/obuxixeiro.com.br\/index.php?rest_route=\/wp\/v2\/posts\/156093","targetHints":{"allow":["GET"]}}],"collection":[{"href":"https:\/\/obuxixeiro.com.br\/index.php?rest_route=\/wp\/v2\/posts"}],"about":[{"href":"https:\/\/obuxixeiro.com.br\/index.php?rest_route=\/wp\/v2\/types\/post"}],"author":[{"embeddable":true,"href":"https:\/\/obuxixeiro.com.br\/index.php?rest_route=\/wp\/v2\/users\/808"}],"replies":[{"embeddable":true,"href":"https:\/\/obuxixeiro.com.br\/index.php?rest_route=%2Fwp%2Fv2%2Fcomments&post=156093"}],"version-history":[{"count":0,"href":"https:\/\/obuxixeiro.com.br\/index.php?rest_route=\/wp\/v2\/posts\/156093\/revisions"}],"wp:featuredmedia":[{"embeddable":true,"href":"https:\/\/obuxixeiro.com.br\/index.php?rest_route=\/wp\/v2\/media\/156094"}],"wp:attachment":[{"href":"https:\/\/obuxixeiro.com.br\/index.php?rest_route=%2Fwp%2Fv2%2Fmedia&parent=156093"}],"wp:term":[{"taxonomy":"category","embeddable":true,"href":"https:\/\/obuxixeiro.com.br\/index.php?rest_route=%2Fwp%2Fv2%2Fcategories&post=156093"},{"taxonomy":"post_tag","embeddable":true,"href":"https:\/\/obuxixeiro.com.br\/index.php?rest_route=%2Fwp%2Fv2%2Ftags&post=156093"}],"curies":[{"name":"wp","href":"https:\/\/api.w.org\/{rel}","templated":true}]}}