{"id":156095,"date":"2026-04-27T04:41:55","date_gmt":"2026-04-27T07:41:55","guid":{"rendered":"https:\/\/obuxixeiro.com.br\/2026\/04\/27\/pesquisadores-de-sp-desenvolvem-dispositivo-que-integra-computacao-ao-cerebro-humano\/"},"modified":"2026-04-27T04:41:55","modified_gmt":"2026-04-27T07:41:55","slug":"pesquisadores-de-sp-desenvolvem-dispositivo-que-integra-computacao-ao-cerebro-humano","status":"publish","type":"post","link":"https:\/\/obuxixeiro.com.br\/?p=156095","title":{"rendered":"Pesquisadores de SP desenvolvem dispositivo que integra computa\u00e7\u00e3o ao c\u00e9rebro humano"},"content":{"rendered":"\n<div>\n<p><strong>Tecnologia busca avan\u00e7ar na interface entre neur\u00f4nios e sistemas digitais para aplica\u00e7\u00f5es m\u00e9dicas<\/strong><\/p>\n<p>Pesquisadores em S\u00e3o Paulo avan\u00e7aram no desenvolvimento de um dispositivo que permite <strong>integra\u00e7\u00e3o entre o c\u00e9rebro humano e sistemas de computa\u00e7\u00e3o<\/strong>, abrindo caminho para novas aplica\u00e7\u00f5es na \u00e1rea da sa\u00fade e da neurotecnologia.<\/p>\n<p>Segundo as informa\u00e7\u00f5es divulgadas, a tecnologia funciona como uma <strong>interface capaz de captar e interpretar sinais cerebrais<\/strong>, possibilitando comunica\u00e7\u00e3o direta com equipamentos digitais. O objetivo \u00e9 ampliar alternativas para tratamento de pacientes com limita\u00e7\u00f5es neurol\u00f3gicas.<\/p>\n<p>O dispositivo pode contribuir, por exemplo, para que pessoas com <strong>paralisia ou dificuldades motoras consigam interagir com m\u00e1quinas<\/strong>, al\u00e9m de potencializar terapias voltadas \u00e0 reabilita\u00e7\u00e3o neurol\u00f3gica.<\/p>\n<p>O desenvolvimento est\u00e1 inserido em um campo crescente de pesquisas que envolvem <strong>interface c\u00e9rebro-computador<\/strong>, \u00e1rea que busca traduzir atividade neural em comandos digitais de forma segura e eficiente.<\/p>\n<p>Especialistas destacam que, embora promissora, a tecnologia ainda exige <strong>testes, valida\u00e7\u00f5es cl\u00ednicas e avalia\u00e7\u00e3o de seguran\u00e7a<\/strong>, antes de qualquer aplica\u00e7\u00e3o em larga escala.<\/p>\n<p>O avan\u00e7o refor\u00e7a o papel da pesquisa cient\u00edfica no estado de S\u00e3o Paulo e evidencia o potencial de inova\u00e7\u00e3o em \u00e1reas estrat\u00e9gicas que combinam sa\u00fade, tecnologia e intelig\u00eancia artificial.<\/p>\n<p><strong>HostingPRESS Ag\u00eancia de Not\u00edcias de S\u00e3o Paulo<\/strong><br \/>Conte\u00fado distribu\u00eddo por nossa Central de Jornalismo<br \/>Reprodu\u00e7\u00e3o autorizada mediante cr\u00e9dito da fonte<\/p>\n<p>Portal criado para conectar os leitores da regi\u00e3o ao melhor conte\u00fado<\/p>\n<p>Somos l\u00edderes de audi\u00eancia local. Somos sociais.\u00a0Conecte-se conosco.<\/p>\n<\/p><\/div>\n<section>  \t<img alt=\"Avatar photo\" src=\"https:\/\/hostingpress.com.br\/wp-content\/uploads\/2026\/03\/cropped-Divilgacao-95x95.jpeg\"  height=\"95\" width=\"95\" decoding=\"async\">\t \t<\/p>\n<div>\n<p>Vinicius Moror\u00f3<\/p>\n<p>Editor-Executivo-Regional | Jornalista | Diretor Editorial    Editor-Executivo-Regional da HostingPress Ag\u00eancia de Not\u00edcias de S\u00e3o Paulo, com atua\u00e7\u00e3o voltada \u00e0 coordena\u00e7\u00e3o editorial regional, articula\u00e7\u00e3o com ve\u00edculos parceiros e fortalecimento da distribui\u00e7\u00e3o de conte\u00fado jornal\u00edstico no Estado de S\u00e3o Paulo.      Editor-chefe do Jornal Impacto Cotia, com foco em jornalismo investigativo, interesse p\u00fablico e an\u00e1lise cr\u00edtica de temas pol\u00edticos, sociais e institucionais.<\/p>\n<\/p><\/div>\n<\/section>\n","protected":false},"excerpt":{"rendered":"<p>Tecnologia busca avan\u00e7ar na interface entre neur\u00f4nios e sistemas digitais para aplica\u00e7\u00f5es m\u00e9dicas Pesquisadores em S\u00e3o Paulo avan\u00e7aram no desenvolvimento de um dispositivo que permite integra\u00e7\u00e3o entre o c\u00e9rebro humano e sistemas de computa\u00e7\u00e3o, abrindo caminho para novas aplica\u00e7\u00f5es na \u00e1rea da sa\u00fade e da neurotecnologia. Segundo as informa\u00e7\u00f5es divulgadas, a tecnologia funciona como uma<\/p>\n","protected":false},"author":808,"featured_media":156096,"comment_status":"closed","ping_status":"closed","sticky":false,"template":"","format":"standard","meta":{"footnotes":""},"categories":[36],"tags":[],"class_list":{"0":"post-156095","1":"post","2":"type-post","3":"status-publish","4":"format-standard","5":"has-post-thumbnail","7":"category-saude"},"_links":{"self":[{"href":"https:\/\/obuxixeiro.com.br\/index.php?rest_route=\/wp\/v2\/posts\/156095","targetHints":{"allow":["GET"]}}],"collection":[{"href":"https:\/\/obuxixeiro.com.br\/index.php?rest_route=\/wp\/v2\/posts"}],"about":[{"href":"https:\/\/obuxixeiro.com.br\/index.php?rest_route=\/wp\/v2\/types\/post"}],"author":[{"embeddable":true,"href":"https:\/\/obuxixeiro.com.br\/index.php?rest_route=\/wp\/v2\/users\/808"}],"replies":[{"embeddable":true,"href":"https:\/\/obuxixeiro.com.br\/index.php?rest_route=%2Fwp%2Fv2%2Fcomments&post=156095"}],"version-history":[{"count":0,"href":"https:\/\/obuxixeiro.com.br\/index.php?rest_route=\/wp\/v2\/posts\/156095\/revisions"}],"wp:featuredmedia":[{"embeddable":true,"href":"https:\/\/obuxixeiro.com.br\/index.php?rest_route=\/wp\/v2\/media\/156096"}],"wp:attachment":[{"href":"https:\/\/obuxixeiro.com.br\/index.php?rest_route=%2Fwp%2Fv2%2Fmedia&parent=156095"}],"wp:term":[{"taxonomy":"category","embeddable":true,"href":"https:\/\/obuxixeiro.com.br\/index.php?rest_route=%2Fwp%2Fv2%2Fcategories&post=156095"},{"taxonomy":"post_tag","embeddable":true,"href":"https:\/\/obuxixeiro.com.br\/index.php?rest_route=%2Fwp%2Fv2%2Ftags&post=156095"}],"curies":[{"name":"wp","href":"https:\/\/api.w.org\/{rel}","templated":true}]}}