{"id":156133,"date":"2026-04-27T09:02:00","date_gmt":"2026-04-27T12:02:00","guid":{"rendered":"https:\/\/obuxixeiro.com.br\/2026\/04\/27\/brasil-consolida-protagonismo-no-mercado-de-carbono-as-vesperas-da-cop31-na-turquia\/"},"modified":"2026-04-27T09:02:00","modified_gmt":"2026-04-27T12:02:00","slug":"brasil-consolida-protagonismo-no-mercado-de-carbono-as-vesperas-da-cop31-na-turquia","status":"publish","type":"post","link":"https:\/\/obuxixeiro.com.br\/?p=156133","title":{"rendered":"Brasil consolida protagonismo no mercado de carbono \u00e0s v\u00e9speras da COP31 na Turquia"},"content":{"rendered":"\n<div>\n<p>O Brasil vive, neste final de abril de 2026, um momento de posicionamento estrat\u00e9gico no campo da economia clim\u00e1tica, consolidando a arquitetura institucional do seu mercado regulado de carbono e articulando os instrumentos de taxonomia sustent\u00e1vel que orientar\u00e3o o financiamento verde no pa\u00eds nos pr\u00f3ximos anos. O Minist\u00e9rio da Fazenda publicou, na semana de 21 de abril, nota em que destaca os avan\u00e7os na regulamenta\u00e7\u00e3o do Sistema Brasileiro de Com\u00e9rcio de Emiss\u00f5es, o SBCE, cujas normas operacionais foram estabelecidas pela Lei n\u00ba 15.042\/2024 e que dever\u00e1 entrar em funcionamento pleno at\u00e9 o final do ano. O mercado de carbono brasileiro promete ser um dos maiores do mundo em potencial de cr\u00e9ditos gerados, dado que o pa\u00eds abriga a maior floresta tropical do planeta e disp\u00f5e de uma matriz energ\u00e9tica j\u00e1 notavelmente descarbonizada em compara\u00e7\u00e3o com as economias desenvolvidas. A COP30, realizada em Bel\u00e9m do Par\u00e1 em novembro de 2025, consolidou 56 decis\u00f5es de abrang\u00eancia global e posicionou o Brasil como lideran\u00e7a clim\u00e1tica ativa, papel que o governo Lula pretende aprofundar na COP31, que ser\u00e1 realizada em Antalya, na Turquia, ainda em 2026. No plano dom\u00e9stico, a aprova\u00e7\u00e3o do marco legal do mercado de carbono \u00e9 acompanhada pelo desenvolvimento da taxonomia sustent\u00e1vel brasileira, instrumento que classificar\u00e1 atividades econ\u00f4micas segundo crit\u00e9rios de compatibilidade com a transi\u00e7\u00e3o para uma economia de baixo carbono \u2014 ferramenta essencial para direcionar o capital privado nacional e internacional em dire\u00e7\u00e3o a projetos verdadeiramente sustent\u00e1veis. O desafio que se apresenta ao governo \u00e9 traduzir os compromissos assumidos na COP30 em pol\u00edticas concretas que alcancem os munic\u00edpios, os agricultores e as comunidades da floresta, evitando que a agenda clim\u00e1tica se restrinja ao plano da diplomacia e dos mercados financeiros.<\/p>\n<p>__<\/p>\n<p>Marcelo Henrique de Carvalho, editor-chefe<\/p>\n<p>HostingPRESS \u2013 Ag\u00eancia de Not\u00edcias de S\u00e3o Paulo. Conte\u00fado distribu\u00eddo por nossa Central de Jornalismo. Reprodu\u00e7\u00e3o autorizada mediante cr\u00e9dito da fonte.<\/p>\n<\/p><\/div>\n","protected":false},"excerpt":{"rendered":"<p>O Brasil vive, neste final de abril de 2026, um momento de posicionamento estrat\u00e9gico no campo da economia clim\u00e1tica, consolidando a arquitetura institucional do seu mercado regulado de carbono e articulando os instrumentos de taxonomia sustent\u00e1vel que orientar\u00e3o o financiamento verde no pa\u00eds nos pr\u00f3ximos anos. O Minist\u00e9rio da Fazenda publicou, na semana de 21<\/p>\n","protected":false},"author":811,"featured_media":156134,"comment_status":"closed","ping_status":"closed","sticky":false,"template":"","format":"standard","meta":{"footnotes":""},"categories":[32,1],"tags":[],"class_list":{"0":"post-156133","1":"post","2":"type-post","3":"status-publish","4":"format-standard","5":"has-post-thumbnail","7":"category-brasil","8":"category-todas-noticias"},"_links":{"self":[{"href":"https:\/\/obuxixeiro.com.br\/index.php?rest_route=\/wp\/v2\/posts\/156133","targetHints":{"allow":["GET"]}}],"collection":[{"href":"https:\/\/obuxixeiro.com.br\/index.php?rest_route=\/wp\/v2\/posts"}],"about":[{"href":"https:\/\/obuxixeiro.com.br\/index.php?rest_route=\/wp\/v2\/types\/post"}],"author":[{"embeddable":true,"href":"https:\/\/obuxixeiro.com.br\/index.php?rest_route=\/wp\/v2\/users\/811"}],"replies":[{"embeddable":true,"href":"https:\/\/obuxixeiro.com.br\/index.php?rest_route=%2Fwp%2Fv2%2Fcomments&post=156133"}],"version-history":[{"count":0,"href":"https:\/\/obuxixeiro.com.br\/index.php?rest_route=\/wp\/v2\/posts\/156133\/revisions"}],"wp:featuredmedia":[{"embeddable":true,"href":"https:\/\/obuxixeiro.com.br\/index.php?rest_route=\/wp\/v2\/media\/156134"}],"wp:attachment":[{"href":"https:\/\/obuxixeiro.com.br\/index.php?rest_route=%2Fwp%2Fv2%2Fmedia&parent=156133"}],"wp:term":[{"taxonomy":"category","embeddable":true,"href":"https:\/\/obuxixeiro.com.br\/index.php?rest_route=%2Fwp%2Fv2%2Fcategories&post=156133"},{"taxonomy":"post_tag","embeddable":true,"href":"https:\/\/obuxixeiro.com.br\/index.php?rest_route=%2Fwp%2Fv2%2Ftags&post=156133"}],"curies":[{"name":"wp","href":"https:\/\/api.w.org\/{rel}","templated":true}]}}