{"id":156141,"date":"2026-04-27T12:41:44","date_gmt":"2026-04-27T15:41:44","guid":{"rendered":"https:\/\/obuxixeiro.com.br\/2026\/04\/27\/caso-thawanna-inquerito-avanca-e-debate-sobre-cameras-corporais-em-pms-ganha-forca-no-congresso\/"},"modified":"2026-04-27T12:41:44","modified_gmt":"2026-04-27T15:41:44","slug":"caso-thawanna-inquerito-avanca-e-debate-sobre-cameras-corporais-em-pms-ganha-forca-no-congresso","status":"publish","type":"post","link":"https:\/\/obuxixeiro.com.br\/?p=156141","title":{"rendered":"Caso Thawanna: inqu\u00e9rito avan\u00e7a e debate sobre c\u00e2meras corporais em PMs ganha for\u00e7a no Congresso"},"content":{"rendered":"\n<div>\n<p>O inqu\u00e9rito policial instaurado para apurar a morte de Thawanna da Silva Salm\u00e1zio, de 31 anos, v\u00edtima de um disparo efetuado pela policial militar Yasmin Cursino Ferreira durante uma abordagem no bairro Cidade Tiradentes, na zona leste de S\u00e3o Paulo, avan\u00e7a nesta semana com a coleta de novos depoimentos e a an\u00e1lise do laudo de necropsia pelo Instituto M\u00e9dico Legal. A morte de Thawanna, ocorrida em 3 de abril, e os desdobramentos que a sucederam \u2014 em particular a promo\u00e7\u00e3o da agente ao posto de soldado duas semanas ap\u00f3s o disparo fatal, ainda que por for\u00e7a de ato administrativo autom\u00e1tico \u2014 mobilizaram a sociedade civil, organiza\u00e7\u00f5es de direitos humanos e movimentos negros em manifesta\u00e7\u00f5es que ecoaram pela m\u00eddia nacional e internacional. A Pol\u00edcia Militar de S\u00e3o Paulo, em nota, confirmou que a agente foi suspensa de suas fun\u00e7\u00f5es por decis\u00e3o judicial e que os dois inqu\u00e9ritos em curso \u2014 o civil e o militar \u2014 seguem tramitando de forma independente. O caso ganhou novo desdobramento legislativo em Bras\u00edlia: deputados federais de diferentes partidos apresentaram projetos de lei e requerimentos que exigem a implementa\u00e7\u00e3o obrigat\u00f3ria de c\u00e2meras corporais em todos os policiais militares do pa\u00eds durante o exerc\u00edcio de suas fun\u00e7\u00f5es. O debate n\u00e3o \u00e9 novo: S\u00e3o Paulo j\u00e1 adotou as c\u00e2meras em larga escala a partir de 2021, com resultados que estudos do F\u00f3rum Brasileiro de Seguran\u00e7a P\u00fablica apontaram como significativos na redu\u00e7\u00e3o de mortes em a\u00e7\u00f5es policiais. A aus\u00eancia do equipamento no caso Thawanna \u00e9 apontada pelos investigadores como um dos principais obst\u00e1culos para a reconstitui\u00e7\u00e3o precisa dos fatos. O epis\u00f3dio alimenta, uma vez mais, a discuss\u00e3o estrutural sobre o modelo de forma\u00e7\u00e3o policial no Brasil, a doutrina de uso da for\u00e7a e os mecanismos de responsabiliza\u00e7\u00e3o de agentes do Estado em casos de viol\u00eancia.<\/p>\n<p>__<\/p>\n<p>Marcelo Henrique de Carvalho, editor-chefe<\/p>\n<p>HostingPRESS \u2013 Ag\u00eancia de Not\u00edcias de S\u00e3o Paulo. Conte\u00fado distribu\u00eddo por nossa Central de Jornalismo. Reprodu\u00e7\u00e3o autorizada mediante cr\u00e9dito da fonte.<\/p>\n<\/p><\/div>\n","protected":false},"excerpt":{"rendered":"<p>O inqu\u00e9rito policial instaurado para apurar a morte de Thawanna da Silva Salm\u00e1zio, de 31 anos, v\u00edtima de um disparo efetuado pela policial militar Yasmin Cursino Ferreira durante uma abordagem no bairro Cidade Tiradentes, na zona leste de S\u00e3o Paulo, avan\u00e7a nesta semana com a coleta de novos depoimentos e a an\u00e1lise do laudo de<\/p>\n","protected":false},"author":1,"featured_media":156142,"comment_status":"closed","ping_status":"closed","sticky":false,"template":"","format":"standard","meta":{"footnotes":""},"categories":[34],"tags":[],"class_list":{"0":"post-156141","1":"post","2":"type-post","3":"status-publish","4":"format-standard","5":"has-post-thumbnail","7":"category-policia"},"_links":{"self":[{"href":"https:\/\/obuxixeiro.com.br\/index.php?rest_route=\/wp\/v2\/posts\/156141","targetHints":{"allow":["GET"]}}],"collection":[{"href":"https:\/\/obuxixeiro.com.br\/index.php?rest_route=\/wp\/v2\/posts"}],"about":[{"href":"https:\/\/obuxixeiro.com.br\/index.php?rest_route=\/wp\/v2\/types\/post"}],"author":[{"embeddable":true,"href":"https:\/\/obuxixeiro.com.br\/index.php?rest_route=\/wp\/v2\/users\/1"}],"replies":[{"embeddable":true,"href":"https:\/\/obuxixeiro.com.br\/index.php?rest_route=%2Fwp%2Fv2%2Fcomments&post=156141"}],"version-history":[{"count":0,"href":"https:\/\/obuxixeiro.com.br\/index.php?rest_route=\/wp\/v2\/posts\/156141\/revisions"}],"wp:featuredmedia":[{"embeddable":true,"href":"https:\/\/obuxixeiro.com.br\/index.php?rest_route=\/wp\/v2\/media\/156142"}],"wp:attachment":[{"href":"https:\/\/obuxixeiro.com.br\/index.php?rest_route=%2Fwp%2Fv2%2Fmedia&parent=156141"}],"wp:term":[{"taxonomy":"category","embeddable":true,"href":"https:\/\/obuxixeiro.com.br\/index.php?rest_route=%2Fwp%2Fv2%2Fcategories&post=156141"},{"taxonomy":"post_tag","embeddable":true,"href":"https:\/\/obuxixeiro.com.br\/index.php?rest_route=%2Fwp%2Fv2%2Ftags&post=156141"}],"curies":[{"name":"wp","href":"https:\/\/api.w.org\/{rel}","templated":true}]}}