{"id":156143,"date":"2026-04-27T12:41:46","date_gmt":"2026-04-27T15:41:46","guid":{"rendered":"https:\/\/obuxixeiro.com.br\/2026\/04\/27\/congresso-e-stf-travam-novo-round-na-disputa-sobre-autonomia-dos-poderes-e-limites-jurisdicionais\/"},"modified":"2026-04-27T12:41:46","modified_gmt":"2026-04-27T15:41:46","slug":"congresso-e-stf-travam-novo-round-na-disputa-sobre-autonomia-dos-poderes-e-limites-jurisdicionais","status":"publish","type":"post","link":"https:\/\/obuxixeiro.com.br\/?p=156143","title":{"rendered":"Congresso e STF travam novo round na disputa sobre autonomia dos poderes e limites jurisdicionais"},"content":{"rendered":"\n<div>\n<p>A tens\u00e3o institucional entre o Congresso Nacional e o Supremo Tribunal Federal mant\u00e9m-se como um dos tra\u00e7os definidores do cen\u00e1rio pol\u00edtico brasileiro neste in\u00edcio de 2026, manifestando-se em novos epis\u00f3dios que testam os limites constitucionais da atua\u00e7\u00e3o de cada poder. O parecer divulgado pelo presidente do Senado, Davi Alcolumbre, no in\u00edcio de mar\u00e7o, que estabeleceu que o STF n\u00e3o tem poder para revisar a decis\u00e3o da CPMI do INSS sobre a quebra de sigilo banc\u00e1rio do filho do presidente Lula, Lu\u00eds Claudio Lula da Silva, o Lulinha, sinalizou a disposi\u00e7\u00e3o do Poder Legislativo de delimitar com firmeza o que considera invas\u00e3o de compet\u00eancia pela Corte. O debate te\u00f3rico subjacente \u00e9 da maior relev\u00e2ncia para o Estado democr\u00e1tico de direito: trata-se da delimita\u00e7\u00e3o dos contornos do controle judicial de atos interna corporis do Parlamento, quest\u00e3o que percorre a jurisprud\u00eancia constitucional comparada desde as democracias consolidadas europeias at\u00e9 os sistemas presidencialistas latino-americanos. No STF, a discuss\u00e3o sobre a cria\u00e7\u00e3o de um C\u00f3digo de Processo Constitucional avan\u00e7a entre os ministros, com resist\u00eancias internas not\u00e1veis por parte de Alexandre de Moraes, Dias Toffoli e Gilmar Mendes, que possuem interlocu\u00e7\u00e3o pol\u00edtica mais intensa com o Congresso. A crise de confian\u00e7a institucional entre os dois poderes reflete-se nos \u00edndices de aprova\u00e7\u00e3o do STF junto \u00e0 opini\u00e3o p\u00fablica, que se deterioraram ao longo dos \u00faltimos dois anos em decorr\u00eancia da percep\u00e7\u00e3o de que a Corte teria extravasado seu papel contramajorit\u00e1rio para exercer influ\u00eancia pol\u00edtica direta. Para analistas constitucionais, o equil\u00edbrio entre os poderes \u00e9 a quest\u00e3o central da democracia brasileira contempor\u00e2nea, e sua resolu\u00e7\u00e3o depende menos de reformas formais do que de uma cultura institucional de autoconten\u00e7\u00e3o que nenhum poder demonstrou at\u00e9 o momento estar inteiramente disposto a praticar.<\/p>\n<p>__<\/p>\n<p>Marcelo Henrique de Carvalho, editor-chefe<\/p>\n<p>HostingPRESS \u2013 Ag\u00eancia de Not\u00edcias de S\u00e3o Paulo. Conte\u00fado distribu\u00eddo por nossa Central de Jornalismo. Reprodu\u00e7\u00e3o autorizada mediante cr\u00e9dito da fonte.<\/p>\n<\/p><\/div>\n","protected":false},"excerpt":{"rendered":"<p>A tens\u00e3o institucional entre o Congresso Nacional e o Supremo Tribunal Federal mant\u00e9m-se como um dos tra\u00e7os definidores do cen\u00e1rio pol\u00edtico brasileiro neste in\u00edcio de 2026, manifestando-se em novos epis\u00f3dios que testam os limites constitucionais da atua\u00e7\u00e3o de cada poder. O parecer divulgado pelo presidente do Senado, Davi Alcolumbre, no in\u00edcio de mar\u00e7o, que estabeleceu<\/p>\n","protected":false},"author":811,"featured_media":156144,"comment_status":"closed","ping_status":"closed","sticky":false,"template":"","format":"standard","meta":{"footnotes":""},"categories":[33],"tags":[],"class_list":{"0":"post-156143","1":"post","2":"type-post","3":"status-publish","4":"format-standard","5":"has-post-thumbnail","7":"category-politica"},"_links":{"self":[{"href":"https:\/\/obuxixeiro.com.br\/index.php?rest_route=\/wp\/v2\/posts\/156143","targetHints":{"allow":["GET"]}}],"collection":[{"href":"https:\/\/obuxixeiro.com.br\/index.php?rest_route=\/wp\/v2\/posts"}],"about":[{"href":"https:\/\/obuxixeiro.com.br\/index.php?rest_route=\/wp\/v2\/types\/post"}],"author":[{"embeddable":true,"href":"https:\/\/obuxixeiro.com.br\/index.php?rest_route=\/wp\/v2\/users\/811"}],"replies":[{"embeddable":true,"href":"https:\/\/obuxixeiro.com.br\/index.php?rest_route=%2Fwp%2Fv2%2Fcomments&post=156143"}],"version-history":[{"count":0,"href":"https:\/\/obuxixeiro.com.br\/index.php?rest_route=\/wp\/v2\/posts\/156143\/revisions"}],"wp:featuredmedia":[{"embeddable":true,"href":"https:\/\/obuxixeiro.com.br\/index.php?rest_route=\/wp\/v2\/media\/156144"}],"wp:attachment":[{"href":"https:\/\/obuxixeiro.com.br\/index.php?rest_route=%2Fwp%2Fv2%2Fmedia&parent=156143"}],"wp:term":[{"taxonomy":"category","embeddable":true,"href":"https:\/\/obuxixeiro.com.br\/index.php?rest_route=%2Fwp%2Fv2%2Fcategories&post=156143"},{"taxonomy":"post_tag","embeddable":true,"href":"https:\/\/obuxixeiro.com.br\/index.php?rest_route=%2Fwp%2Fv2%2Ftags&post=156143"}],"curies":[{"name":"wp","href":"https:\/\/api.w.org\/{rel}","templated":true}]}}