{"id":156149,"date":"2026-04-27T12:41:54","date_gmt":"2026-04-27T15:41:54","guid":{"rendered":"https:\/\/obuxixeiro.com.br\/2026\/04\/27\/mercado-financeiro-mantem-pressao-sobre-juros-e-projeta-selic-a-13-diante-de-inflacao-resistente\/"},"modified":"2026-04-27T12:41:54","modified_gmt":"2026-04-27T15:41:54","slug":"mercado-financeiro-mantem-pressao-sobre-juros-e-projeta-selic-a-13-diante-de-inflacao-resistente","status":"publish","type":"post","link":"https:\/\/obuxixeiro.com.br\/?p=156149","title":{"rendered":"Mercado financeiro mant\u00e9m press\u00e3o sobre juros e projeta Selic a 13% diante de infla\u00e7\u00e3o resistente"},"content":{"rendered":"\n<div>\n<p>O Boletim Focus publicado pelo Banco Central do Brasil na \u00faltima semana consolidou uma proje\u00e7\u00e3o que preocupa o governo Lula e os agentes econ\u00f4micos: a taxa b\u00e1sica de juros, a Selic, dever\u00e1 encerrar 2026 em 13% ao ano, patamar que representa uma das maiores taxas de juro real do mundo entre as economias emergentes com grau de desenvolvimento compar\u00e1vel ao brasileiro. O cen\u00e1rio \u00e9 resultado da combina\u00e7\u00e3o de fatores internos e externos que se retroalimentam: a infla\u00e7\u00e3o medida pelo IPCA projeta encerrar o ano em 4,8%, acima do centro da meta estabelecida pelo Conselho Monet\u00e1rio Nacional, pressionada pela escalada dos pre\u00e7os de energia no mercado internacional em raz\u00e3o do conflito armado no Oriente M\u00e9dio, pela deprecia\u00e7\u00e3o do real frente ao d\u00f3lar e pela persist\u00eancia de n\u00facleos inflacion\u00e1rios ligados ao setor de servi\u00e7os, que refletem a resili\u00eancia do mercado de trabalho e o aquecimento do consumo das fam\u00edlias. O Comit\u00ea de Pol\u00edtica Monet\u00e1ria, o Copom, encontra-se diante de um dilema de pol\u00edtica econ\u00f4mica cujas implica\u00e7\u00f5es se estendem ao campo pol\u00edtico: apertar ainda mais os juros para ancorar as expectativas inflacion\u00e1rias implica frear o crescimento, aumentar o custo da d\u00edvida p\u00fablica e comprometer programas de investimento que o governo apresenta como conquistas da gest\u00e3o Lula; abrir m\u00e3o do aperto monet\u00e1rio, por outro lado, arrisca desancoragem das expectativas e perda de credibilidade do arcabou\u00e7o macroecon\u00f4mico. O Minist\u00e9rio da Fazenda, liderado pelo ministro Fernando Haddad, tem insistido na compatibilidade entre responsabilidade fiscal e crescimento econ\u00f4mico, sinalizando ao mercado a disposi\u00e7\u00e3o de manter o arcabou\u00e7o fiscal vigente como \u00e2ncora da estabilidade. O FMI, em seu relat\u00f3rio de abril, elevou a proje\u00e7\u00e3o de crescimento do PIB brasileiro para 1,9% em 2026, mas ressalvou que os riscos externos representam um vetor de incerteza dif\u00edcil de quantificar com precis\u00e3o neste momento.<\/p>\n<p>__<\/p>\n<p>Marcelo Henrique de Carvalho, editor-chefe<\/p>\n<p>HostingPRESS \u2013 Ag\u00eancia de Not\u00edcias de S\u00e3o Paulo. Conte\u00fado distribu\u00eddo por nossa Central de Jornalismo. Reprodu\u00e7\u00e3o autorizada mediante cr\u00e9dito da fonte.<\/p>\n<\/p><\/div>\n","protected":false},"excerpt":{"rendered":"<p>O Boletim Focus publicado pelo Banco Central do Brasil na \u00faltima semana consolidou uma proje\u00e7\u00e3o que preocupa o governo Lula e os agentes econ\u00f4micos: a taxa b\u00e1sica de juros, a Selic, dever\u00e1 encerrar 2026 em 13% ao ano, patamar que representa uma das maiores taxas de juro real do mundo entre as economias emergentes com<\/p>\n","protected":false},"author":811,"featured_media":156150,"comment_status":"closed","ping_status":"closed","sticky":false,"template":"","format":"standard","meta":{"footnotes":""},"categories":[38],"tags":[],"class_list":{"0":"post-156149","1":"post","2":"type-post","3":"status-publish","4":"format-standard","5":"has-post-thumbnail","7":"category-economia"},"_links":{"self":[{"href":"https:\/\/obuxixeiro.com.br\/index.php?rest_route=\/wp\/v2\/posts\/156149","targetHints":{"allow":["GET"]}}],"collection":[{"href":"https:\/\/obuxixeiro.com.br\/index.php?rest_route=\/wp\/v2\/posts"}],"about":[{"href":"https:\/\/obuxixeiro.com.br\/index.php?rest_route=\/wp\/v2\/types\/post"}],"author":[{"embeddable":true,"href":"https:\/\/obuxixeiro.com.br\/index.php?rest_route=\/wp\/v2\/users\/811"}],"replies":[{"embeddable":true,"href":"https:\/\/obuxixeiro.com.br\/index.php?rest_route=%2Fwp%2Fv2%2Fcomments&post=156149"}],"version-history":[{"count":0,"href":"https:\/\/obuxixeiro.com.br\/index.php?rest_route=\/wp\/v2\/posts\/156149\/revisions"}],"wp:featuredmedia":[{"embeddable":true,"href":"https:\/\/obuxixeiro.com.br\/index.php?rest_route=\/wp\/v2\/media\/156150"}],"wp:attachment":[{"href":"https:\/\/obuxixeiro.com.br\/index.php?rest_route=%2Fwp%2Fv2%2Fmedia&parent=156149"}],"wp:term":[{"taxonomy":"category","embeddable":true,"href":"https:\/\/obuxixeiro.com.br\/index.php?rest_route=%2Fwp%2Fv2%2Fcategories&post=156149"},{"taxonomy":"post_tag","embeddable":true,"href":"https:\/\/obuxixeiro.com.br\/index.php?rest_route=%2Fwp%2Fv2%2Ftags&post=156149"}],"curies":[{"name":"wp","href":"https:\/\/api.w.org\/{rel}","templated":true}]}}