{"id":156222,"date":"2026-04-28T02:00:00","date_gmt":"2026-04-28T05:00:00","guid":{"rendered":"https:\/\/obuxixeiro.com.br\/?p=156222"},"modified":"2026-04-28T02:00:00","modified_gmt":"2026-04-28T05:00:00","slug":"governo-de-sp-abre-consulta-publica-para-programa-de-saneamento-com-previsao-de-r-100-bilhoes","status":"publish","type":"post","link":"https:\/\/obuxixeiro.com.br\/?p=156222","title":{"rendered":"Governo de SP abre consulta p\u00fablica para programa de saneamento com previs\u00e3o de R$ 100 bilh\u00f5es"},"content":{"rendered":"\n<div>\n<p><strong>UniversalizaSP prev\u00ea investimentos at\u00e9 2060 e busca ampliar acesso a \u00e1gua e esgoto no estado<\/strong><\/p>\n<p>O Governo de S\u00e3o Paulo abriu consulta p\u00fablica para o programa UniversalizaSP, iniciativa que prev\u00ea <strong>investimentos de at\u00e9 R$ 100 bilh\u00f5es at\u00e9 2060<\/strong> para ampliar o acesso aos servi\u00e7os de \u00e1gua e esgoto em todo o estado.<\/p>\n<p>Segundo as informa\u00e7\u00f5es divulgadas, a consulta tem como objetivo <strong>receber contribui\u00e7\u00f5es da sociedade, empresas e especialistas<\/strong>, antes da implementa\u00e7\u00e3o definitiva do modelo, que pretende universalizar o saneamento b\u00e1sico.<\/p>\n<p>O programa est\u00e1 alinhado \u00e0s metas nacionais de saneamento e busca garantir que a popula\u00e7\u00e3o tenha acesso a <strong>servi\u00e7os de abastecimento de \u00e1gua e tratamento de esgoto<\/strong>, reduzindo desigualdades regionais.<\/p>\n<p>A proposta inclui a estrutura\u00e7\u00e3o de projetos e parcerias para viabilizar os investimentos, com foco em <strong>efici\u00eancia operacional, expans\u00e3o da rede e melhoria dos servi\u00e7os prestados<\/strong>.<\/p>\n<p>A consulta p\u00fablica \u00e9 uma etapa obrigat\u00f3ria em processos dessa magnitude, permitindo <strong>transpar\u00eancia e participa\u00e7\u00e3o social<\/strong> na formula\u00e7\u00e3o de pol\u00edticas p\u00fablicas.<\/p>\n<p>O avan\u00e7o do programa pode ter impacto direto na sa\u00fade p\u00fablica, no meio ambiente e no desenvolvimento econ\u00f4mico, uma vez que o saneamento \u00e9 considerado um dos pilares para a qualidade de vida da popula\u00e7\u00e3o.<\/p>\n<p>O processo segue aberto para contribui\u00e7\u00f5es, que devem subsidiar a vers\u00e3o final do projeto antes de sua execu\u00e7\u00e3o ao longo das pr\u00f3ximas d\u00e9cadas.<\/p>\n<p><strong>HostingPRESS Ag\u00eancia de Not\u00edcias de S\u00e3o Paulo<\/strong><br \/>Conte\u00fado distribu\u00eddo por nossa Central de Jornalismo<br \/>Reprodu\u00e7\u00e3o autorizada mediante cr\u00e9dito da fonte<\/p>\n<p>Portal criado para conectar os leitores da regi\u00e3o ao melhor conte\u00fado<\/p>\n<p>Somos l\u00edderes de audi\u00eancia local. Somos sociais.\u00a0Conecte-se conosco.<\/p>\n<\/p><\/div>\n<section>  \t<img alt=\"Avatar photo\" src=\"https:\/\/hostingpress.com.br\/wp-content\/uploads\/2026\/03\/cropped-Divilgacao-95x95.jpeg\"  height=\"95\" width=\"95\" decoding=\"async\">\t \t<\/p>\n<div>\n<p>Vinicius Moror\u00f3<\/p>\n<p>Editor-Executivo-Regional | Jornalista | Diretor Editorial    Editor-Executivo-Regional da HostingPress Ag\u00eancia de Not\u00edcias de S\u00e3o Paulo, com atua\u00e7\u00e3o voltada \u00e0 coordena\u00e7\u00e3o editorial regional, articula\u00e7\u00e3o com ve\u00edculos parceiros e fortalecimento da distribui\u00e7\u00e3o de conte\u00fado jornal\u00edstico no Estado de S\u00e3o Paulo.      Editor-chefe do Jornal Impacto Cotia, com foco em jornalismo investigativo, interesse p\u00fablico e an\u00e1lise cr\u00edtica de temas pol\u00edticos, sociais e institucionais.<\/p>\n<\/p><\/div>\n<\/section>\n","protected":false},"excerpt":{"rendered":"<p>UniversalizaSP prev\u00ea investimentos at\u00e9 2060 e busca ampliar acesso a \u00e1gua e esgoto no estado O Governo de S\u00e3o Paulo abriu consulta p\u00fablica para o programa UniversalizaSP, iniciativa que prev\u00ea investimentos de at\u00e9 R$ 100 bilh\u00f5es at\u00e9 2060 para ampliar o acesso aos servi\u00e7os de \u00e1gua e esgoto em todo o estado. Segundo as informa\u00e7\u00f5es<\/p>\n","protected":false},"author":808,"featured_media":156223,"comment_status":"closed","ping_status":"closed","sticky":false,"template":"","format":"standard","meta":{"footnotes":""},"categories":[32,1],"tags":[],"class_list":{"0":"post-156222","1":"post","2":"type-post","3":"status-publish","4":"format-standard","5":"has-post-thumbnail","7":"category-brasil","8":"category-todas-noticias"},"_links":{"self":[{"href":"https:\/\/obuxixeiro.com.br\/index.php?rest_route=\/wp\/v2\/posts\/156222","targetHints":{"allow":["GET"]}}],"collection":[{"href":"https:\/\/obuxixeiro.com.br\/index.php?rest_route=\/wp\/v2\/posts"}],"about":[{"href":"https:\/\/obuxixeiro.com.br\/index.php?rest_route=\/wp\/v2\/types\/post"}],"author":[{"embeddable":true,"href":"https:\/\/obuxixeiro.com.br\/index.php?rest_route=\/wp\/v2\/users\/808"}],"replies":[{"embeddable":true,"href":"https:\/\/obuxixeiro.com.br\/index.php?rest_route=%2Fwp%2Fv2%2Fcomments&post=156222"}],"version-history":[{"count":0,"href":"https:\/\/obuxixeiro.com.br\/index.php?rest_route=\/wp\/v2\/posts\/156222\/revisions"}],"wp:featuredmedia":[{"embeddable":true,"href":"https:\/\/obuxixeiro.com.br\/index.php?rest_route=\/wp\/v2\/media\/156223"}],"wp:attachment":[{"href":"https:\/\/obuxixeiro.com.br\/index.php?rest_route=%2Fwp%2Fv2%2Fmedia&parent=156222"}],"wp:term":[{"taxonomy":"category","embeddable":true,"href":"https:\/\/obuxixeiro.com.br\/index.php?rest_route=%2Fwp%2Fv2%2Fcategories&post=156222"},{"taxonomy":"post_tag","embeddable":true,"href":"https:\/\/obuxixeiro.com.br\/index.php?rest_route=%2Fwp%2Fv2%2Ftags&post=156222"}],"curies":[{"name":"wp","href":"https:\/\/api.w.org\/{rel}","templated":true}]}}