{"id":156232,"date":"2026-04-28T04:41:58","date_gmt":"2026-04-28T07:41:58","guid":{"rendered":"https:\/\/obuxixeiro.com.br\/?p=156232"},"modified":"2026-04-28T04:41:58","modified_gmt":"2026-04-28T07:41:58","slug":"cartorios-eleitorais-de-sp-abrem-no-feriado-e-fim-de-semana-para-regularizacao-do-titulo","status":"publish","type":"post","link":"https:\/\/obuxixeiro.com.br\/?p=156232","title":{"rendered":"Cart\u00f3rios eleitorais de SP abrem no feriado e fim de semana para regulariza\u00e7\u00e3o do t\u00edtulo"},"content":{"rendered":"\n<div>\n<p><strong>Atendimento \u00e9 ampliado at\u00e9 6 de maio, prazo final para emitir ou atualizar cadastro eleitoral<\/strong><\/p>\n<p>Os cart\u00f3rios eleitorais do estado de S\u00e3o Paulo funcionar\u00e3o em hor\u00e1rio especial durante o feriado do Dia do Trabalho e ao longo do fim de semana para atender eleitores que precisam <strong>tirar, transferir ou regularizar o t\u00edtulo eleitoral<\/strong> para as Elei\u00e7\u00f5es 2026. O atendimento ocorre <strong>por ordem de chegada<\/strong>, com respeito \u00e0s prioridades legais.<\/p>\n<p>As unidades estar\u00e3o abertas <strong>no dia 1\u00ba de maio, s\u00e1bado (2) e domingo (3), das 9h \u00e0s 15h<\/strong>. J\u00e1 entre <strong>segunda-feira (4) e quarta-feira (6)<\/strong>, considerados os \u00faltimos dias do prazo legal, o funcionamento ser\u00e1 ampliado, das <strong>9h \u00e0s 17h<\/strong>.<\/p>\n<p>Segundo orienta\u00e7\u00e3o da Justi\u00e7a Eleitoral, precisam comparecer presencialmente apenas os eleitores que v\u00e3o <strong>tirar o primeiro t\u00edtulo ou que ainda n\u00e3o possuem biometria e precisam atualizar dados cadastrais<\/strong>. Quem j\u00e1 tem biometria cerca de <strong>88% do eleitorado paulista<\/strong> \u00a0pode resolver pend\u00eancias de forma online, por meio do sistema de autoatendimento.<\/p>\n<p>Antes de se dirigir a um cart\u00f3rio, a recomenda\u00e7\u00e3o \u00e9 que o eleitor consulte sua situa\u00e7\u00e3o eleitoral pela internet, evitando <strong>filas e deslocamentos desnecess\u00e1rios<\/strong>. Mesmo quem n\u00e3o possui biometria, mas est\u00e1 com o t\u00edtulo regular, poder\u00e1 votar normalmente apresentando <strong>documento oficial com foto<\/strong> no dia da elei\u00e7\u00e3o. O primeiro turno est\u00e1 marcado para <strong>4 de outubro de 2026<\/strong>.<\/p>\n<p>O prazo final para qualquer altera\u00e7\u00e3o no cadastro eleitoral \u00e9 <strong>6 de maio<\/strong>. Ap\u00f3s essa data, o sistema ser\u00e1 fechado, conforme prev\u00ea a legisla\u00e7\u00e3o eleitoral, para organiza\u00e7\u00e3o do processo de vota\u00e7\u00e3o.<\/p>\n<p>Para quem vai emitir o primeiro t\u00edtulo, \u00e9 necess\u00e1rio apresentar <strong>documento oficial com foto e comprovante de resid\u00eancia recente<\/strong>. Homens que completar\u00e3o 19 anos em 2026 devem levar tamb\u00e9m o <strong>certificado de quita\u00e7\u00e3o militar<\/strong>. Os servi\u00e7os s\u00e3o gratuitos, sendo cobradas apenas eventuais multas por aus\u00eancia n\u00e3o justificada em elei\u00e7\u00f5es anteriores.<\/p>\n<p>A legisla\u00e7\u00e3o brasileira estabelece que o voto \u00e9 <strong>obrigat\u00f3rio para pessoas entre 18 e 70 anos<\/strong> e facultativo para jovens de 16 e 17 anos, maiores de 70 e analfabetos. Jovens a partir de <strong>15 anos j\u00e1 podem solicitar o t\u00edtulo<\/strong>, desde que completem 16 anos at\u00e9 a data do primeiro turno.<\/p>\n<p>A amplia\u00e7\u00e3o do atendimento busca garantir que eleitores regularizem sua situa\u00e7\u00e3o dentro do prazo legal e possam exercer o direito ao voto nas pr\u00f3ximas elei\u00e7\u00f5es.<\/p>\n<p><strong>HostingPRESS Ag\u00eancia de Not\u00edcias de S\u00e3o Paulo<\/strong><br \/>Conte\u00fado distribu\u00eddo por nossa Central de Jornalismo<br \/>Reprodu\u00e7\u00e3o autorizada mediante cr\u00e9dito da fonte<\/p>\n<p>Portal criado para conectar os leitores da regi\u00e3o ao melhor conte\u00fado<\/p>\n<p>Somos l\u00edderes de audi\u00eancia local. Somos sociais.\u00a0Conecte-se conosco.<\/p>\n<\/p><\/div>\n<section>  \t<img alt=\"Avatar photo\" src=\"https:\/\/hostingpress.com.br\/wp-content\/uploads\/2026\/03\/cropped-Divilgacao-95x95.jpeg\"  height=\"95\" width=\"95\" decoding=\"async\">\t \t<\/p>\n<div>\n<p>Vinicius Moror\u00f3<\/p>\n<p>Editor-Executivo-Regional | Jornalista | Diretor Editorial    Editor-Executivo-Regional da HostingPress Ag\u00eancia de Not\u00edcias de S\u00e3o Paulo, com atua\u00e7\u00e3o voltada \u00e0 coordena\u00e7\u00e3o editorial regional, articula\u00e7\u00e3o com ve\u00edculos parceiros e fortalecimento da distribui\u00e7\u00e3o de conte\u00fado jornal\u00edstico no Estado de S\u00e3o Paulo.      Editor-chefe do Jornal Impacto Cotia, com foco em jornalismo investigativo, interesse p\u00fablico e an\u00e1lise cr\u00edtica de temas pol\u00edticos, sociais e institucionais.<\/p>\n<\/p><\/div>\n<\/section>\n","protected":false},"excerpt":{"rendered":"<p>Atendimento \u00e9 ampliado at\u00e9 6 de maio, prazo final para emitir ou atualizar cadastro eleitoral Os cart\u00f3rios eleitorais do estado de S\u00e3o Paulo funcionar\u00e3o em hor\u00e1rio especial durante o feriado do Dia do Trabalho e ao longo do fim de semana para atender eleitores que precisam tirar, transferir ou regularizar o t\u00edtulo eleitoral para as<\/p>\n","protected":false},"author":808,"featured_media":156233,"comment_status":"closed","ping_status":"closed","sticky":false,"template":"","format":"standard","meta":{"footnotes":""},"categories":[33],"tags":[],"class_list":{"0":"post-156232","1":"post","2":"type-post","3":"status-publish","4":"format-standard","5":"has-post-thumbnail","7":"category-politica"},"_links":{"self":[{"href":"https:\/\/obuxixeiro.com.br\/index.php?rest_route=\/wp\/v2\/posts\/156232","targetHints":{"allow":["GET"]}}],"collection":[{"href":"https:\/\/obuxixeiro.com.br\/index.php?rest_route=\/wp\/v2\/posts"}],"about":[{"href":"https:\/\/obuxixeiro.com.br\/index.php?rest_route=\/wp\/v2\/types\/post"}],"author":[{"embeddable":true,"href":"https:\/\/obuxixeiro.com.br\/index.php?rest_route=\/wp\/v2\/users\/808"}],"replies":[{"embeddable":true,"href":"https:\/\/obuxixeiro.com.br\/index.php?rest_route=%2Fwp%2Fv2%2Fcomments&post=156232"}],"version-history":[{"count":0,"href":"https:\/\/obuxixeiro.com.br\/index.php?rest_route=\/wp\/v2\/posts\/156232\/revisions"}],"wp:featuredmedia":[{"embeddable":true,"href":"https:\/\/obuxixeiro.com.br\/index.php?rest_route=\/wp\/v2\/media\/156233"}],"wp:attachment":[{"href":"https:\/\/obuxixeiro.com.br\/index.php?rest_route=%2Fwp%2Fv2%2Fmedia&parent=156232"}],"wp:term":[{"taxonomy":"category","embeddable":true,"href":"https:\/\/obuxixeiro.com.br\/index.php?rest_route=%2Fwp%2Fv2%2Fcategories&post=156232"},{"taxonomy":"post_tag","embeddable":true,"href":"https:\/\/obuxixeiro.com.br\/index.php?rest_route=%2Fwp%2Fv2%2Ftags&post=156232"}],"curies":[{"name":"wp","href":"https:\/\/api.w.org\/{rel}","templated":true}]}}