{"id":156234,"date":"2026-04-28T04:41:55","date_gmt":"2026-04-28T07:41:55","guid":{"rendered":"https:\/\/obuxixeiro.com.br\/?p=156234"},"modified":"2026-04-28T04:41:55","modified_gmt":"2026-04-28T07:41:55","slug":"justica-condena-estado-de-sp-a-indenizar-familia-de-homem-morto-por-pm-de-folga","status":"publish","type":"post","link":"https:\/\/obuxixeiro.com.br\/?p=156234","title":{"rendered":"Justi\u00e7a condena Estado de SP a indenizar fam\u00edlia de homem morto por PM de folga"},"content":{"rendered":"\n<div>\n<p><strong>Decis\u00e3o fixa R$ 200 mil ap\u00f3s v\u00edtima ser atingida por 11 tiros durante a\u00e7\u00e3o registrada por c\u00e2meras<\/strong><\/p>\n<p>A Justi\u00e7a condenou o Estado de S\u00e3o Paulo a pagar <strong>indeniza\u00e7\u00e3o de R$ 200 mil<\/strong> \u00e0 fam\u00edlia de Gabriel Renan da Silva Soares, de 26 anos, morto por um policial militar de folga na zona sul da capital. O caso ocorreu em <strong>3 de novembro de 2024<\/strong>, em frente a um mercado.<\/p>\n<p>Segundo as informa\u00e7\u00f5es do processo, a v\u00edtima havia <strong>furtado produtos de limpeza<\/strong> e tentava deixar o local quando foi abordada. Durante a fuga, Gabriel caiu na cal\u00e7ada, levantou-se e correu em dire\u00e7\u00e3o \u00e0 rua, momento em que foi <strong>atingido por 11 disparos feitos pelo policial<\/strong>.<\/p>\n<p>Imagens de c\u00e2meras de seguran\u00e7a mostram que o agente estava no interior do estabelecimento e, ao perceber a sa\u00edda da v\u00edtima, <strong>sacou a arma e efetuou diversos disparos pelas costas<\/strong>, j\u00e1 do lado de fora do mercado.<\/p>\n<p>Na decis\u00e3o, o juiz entendeu que h\u00e1 <strong>responsabilidade civil do Estado<\/strong>, mesmo com o policial estando fora de servi\u00e7o, com base na chamada responsabilidade objetiva. O magistrado destacou que o agente utilizou <strong>arma da corpora\u00e7\u00e3o e agiu sob a justificativa de exercer fun\u00e7\u00e3o policial<\/strong>, o que vincula a a\u00e7\u00e3o ao poder p\u00fablico.<\/p>\n<p>O entendimento judicial aponta que, ao intervir em uma situa\u00e7\u00e3o utilizando recursos e prerrogativas do cargo, o policial atua <strong>como representante do Estado<\/strong>, o que fundamenta a obriga\u00e7\u00e3o de indenizar a fam\u00edlia da v\u00edtima.<\/p>\n<p>No \u00e2mbito criminal, o policial foi condenado em primeira inst\u00e2ncia a <strong>dois anos, um m\u00eas e 27 dias de deten\u00e7\u00e3o<\/strong>, em regime inicial semiaberto, al\u00e9m da perda do cargo p\u00fablico. O caso, no entanto, ainda n\u00e3o est\u00e1 encerrado: o Minist\u00e9rio P\u00fablico recorreu, e o agente dever\u00e1 ser <strong>submetido a j\u00fari popular<\/strong>.<\/p>\n<p>A Procuradoria-Geral do Estado informou que <strong>ainda n\u00e3o foi formalmente notificada da decis\u00e3o<\/strong>, o que pode influenciar eventuais medidas judiciais futuras.<\/p>\n<p>O caso levanta debate sobre <strong>uso da for\u00e7a por agentes de seguran\u00e7a fora de servi\u00e7o, limites da atua\u00e7\u00e3o policial e responsabilidade do Estado em a\u00e7\u00f5es letais<\/strong>, especialmente quando h\u00e1 uso de armamento institucional.<\/p>\n<p><strong>HostingPRESS Ag\u00eancia de Not\u00edcias de S\u00e3o Paulo<\/strong><br \/>Conte\u00fado distribu\u00eddo por nossa Central de Jornalismo<br \/>Reprodu\u00e7\u00e3o autorizada mediante cr\u00e9dito da fonte<\/p>\n<p>Portal criado para conectar os leitores da regi\u00e3o ao melhor conte\u00fado<\/p>\n<p>Somos l\u00edderes de audi\u00eancia local. Somos sociais.\u00a0Conecte-se conosco.<\/p>\n<\/p><\/div>\n<section>  \t<img alt=\"Avatar photo\" src=\"https:\/\/hostingpress.com.br\/wp-content\/uploads\/2026\/03\/cropped-Divilgacao-95x95.jpeg\"  height=\"95\" width=\"95\" decoding=\"async\">\t \t<\/p>\n<div>\n<p>Vinicius Moror\u00f3<\/p>\n<p>Editor-Executivo-Regional | Jornalista | Diretor Editorial    Editor-Executivo-Regional da HostingPress Ag\u00eancia de Not\u00edcias de S\u00e3o Paulo, com atua\u00e7\u00e3o voltada \u00e0 coordena\u00e7\u00e3o editorial regional, articula\u00e7\u00e3o com ve\u00edculos parceiros e fortalecimento da distribui\u00e7\u00e3o de conte\u00fado jornal\u00edstico no Estado de S\u00e3o Paulo.      Editor-chefe do Jornal Impacto Cotia, com foco em jornalismo investigativo, interesse p\u00fablico e an\u00e1lise cr\u00edtica de temas pol\u00edticos, sociais e institucionais.<\/p>\n<\/p><\/div>\n<\/section>\n","protected":false},"excerpt":{"rendered":"<p>Decis\u00e3o fixa R$ 200 mil ap\u00f3s v\u00edtima ser atingida por 11 tiros durante a\u00e7\u00e3o registrada por c\u00e2meras A Justi\u00e7a condenou o Estado de S\u00e3o Paulo a pagar indeniza\u00e7\u00e3o de R$ 200 mil \u00e0 fam\u00edlia de Gabriel Renan da Silva Soares, de 26 anos, morto por um policial militar de folga na zona sul da capital.<\/p>\n","protected":false},"author":811,"featured_media":156235,"comment_status":"closed","ping_status":"closed","sticky":false,"template":"","format":"standard","meta":{"footnotes":""},"categories":[34],"tags":[],"class_list":{"0":"post-156234","1":"post","2":"type-post","3":"status-publish","4":"format-standard","5":"has-post-thumbnail","7":"category-policia"},"_links":{"self":[{"href":"https:\/\/obuxixeiro.com.br\/index.php?rest_route=\/wp\/v2\/posts\/156234","targetHints":{"allow":["GET"]}}],"collection":[{"href":"https:\/\/obuxixeiro.com.br\/index.php?rest_route=\/wp\/v2\/posts"}],"about":[{"href":"https:\/\/obuxixeiro.com.br\/index.php?rest_route=\/wp\/v2\/types\/post"}],"author":[{"embeddable":true,"href":"https:\/\/obuxixeiro.com.br\/index.php?rest_route=\/wp\/v2\/users\/811"}],"replies":[{"embeddable":true,"href":"https:\/\/obuxixeiro.com.br\/index.php?rest_route=%2Fwp%2Fv2%2Fcomments&post=156234"}],"version-history":[{"count":0,"href":"https:\/\/obuxixeiro.com.br\/index.php?rest_route=\/wp\/v2\/posts\/156234\/revisions"}],"wp:featuredmedia":[{"embeddable":true,"href":"https:\/\/obuxixeiro.com.br\/index.php?rest_route=\/wp\/v2\/media\/156235"}],"wp:attachment":[{"href":"https:\/\/obuxixeiro.com.br\/index.php?rest_route=%2Fwp%2Fv2%2Fmedia&parent=156234"}],"wp:term":[{"taxonomy":"category","embeddable":true,"href":"https:\/\/obuxixeiro.com.br\/index.php?rest_route=%2Fwp%2Fv2%2Fcategories&post=156234"},{"taxonomy":"post_tag","embeddable":true,"href":"https:\/\/obuxixeiro.com.br\/index.php?rest_route=%2Fwp%2Fv2%2Ftags&post=156234"}],"curies":[{"name":"wp","href":"https:\/\/api.w.org\/{rel}","templated":true}]}}