{"id":156236,"date":"2026-04-28T04:42:03","date_gmt":"2026-04-28T07:42:03","guid":{"rendered":"https:\/\/obuxixeiro.com.br\/?p=156236"},"modified":"2026-04-28T04:42:03","modified_gmt":"2026-04-28T07:42:03","slug":"prefeitura-de-osasco-descarta-livros-de-biblioteca-publica-e-acao-gera-repercussao","status":"publish","type":"post","link":"https:\/\/obuxixeiro.com.br\/?p=156236","title":{"rendered":"Prefeitura de Osasco descarta livros de biblioteca p\u00fablica e a\u00e7\u00e3o gera repercuss\u00e3o"},"content":{"rendered":"\n<div>\n<p><strong>Administra\u00e7\u00e3o afirma que obras estavam contaminadas por fungos; cr\u00edticas apontam poss\u00edvel perda de acervo<\/strong><\/p>\n<p>A Prefeitura de Osasco descartou centenas de livros da Biblioteca P\u00fablica Monteiro Lobato, na Regi\u00e3o Metropolitana de S\u00e3o Paulo. O material foi jogado no lixo na \u00faltima sexta-feira (24), e a a\u00e7\u00e3o ganhou repercuss\u00e3o ap\u00f3s a circula\u00e7\u00e3o de <strong>imagens, v\u00eddeos e relatos nas redes sociais<\/strong>.<\/p>\n<p>Segundo a administra\u00e7\u00e3o municipal, os livros estavam <strong>mofados e contaminados por fungos<\/strong>, o que teria motivado o descarte para evitar que outras obras fossem comprometidas. A biblioteca est\u00e1 <strong>fechada para reformas desde 2020<\/strong>, per\u00edodo em que o acervo permaneceu fora de uso.<\/p>\n<p>A situa\u00e7\u00e3o gerou cr\u00edticas de moradores e figuras p\u00fablicas locais, que questionam a forma como o material foi tratado e a poss\u00edvel perda de conte\u00fado cultural. H\u00e1 relatos de que <strong>obras doadas por autores e colecionadores podem ter sido descartadas<\/strong>, embora a prefeitura n\u00e3o tenha detalhado quais t\u00edtulos foram afetados nem o volume exato eliminado.<\/p>\n<p>Especialistas e cr\u00edticos apontam que, em alguns casos, livros atingidos por fungos podem passar por <strong>processos de recupera\u00e7\u00e3o e conserva\u00e7\u00e3o<\/strong>, o que levanta questionamentos sobre a necessidade do descarte integral do acervo atingido.<\/p>\n<p>A prefeitura informou que o material est\u00e1 sendo acompanhado por <strong>profissionais bibliotec\u00e1rios<\/strong> e que os livros descartados ser\u00e3o <strong>substitu\u00eddos por novos exemplares<\/strong>, como parte de um processo de reestrutura\u00e7\u00e3o da biblioteca.<\/p>\n<p>Apesar da promessa de reposi\u00e7\u00e3o, a administra\u00e7\u00e3o n\u00e3o informou <strong>prazo para reabertura da unidade<\/strong>, nem detalhou como ser\u00e1 feita a recomposi\u00e7\u00e3o do acervo ou quais crit\u00e9rios est\u00e3o sendo adotados na sele\u00e7\u00e3o de novos t\u00edtulos.<\/p>\n<p>O caso levanta debate sobre <strong>gest\u00e3o de patrim\u00f4nio p\u00fablico, preserva\u00e7\u00e3o cultural e manuten\u00e7\u00e3o de equipamentos educacionais<\/strong>, especialmente em espa\u00e7os voltados ao acesso \u00e0 leitura e forma\u00e7\u00e3o de estudantes.<\/p>\n<p><strong>HostingPRESS Ag\u00eancia de Not\u00edcias de S\u00e3o Paulo<\/strong><br \/>Conte\u00fado distribu\u00eddo por nossa Central de Jornalismo<br \/>Reprodu\u00e7\u00e3o autorizada mediante cr\u00e9dito da fonte<\/p>\n<p>Portal criado para conectar os leitores da regi\u00e3o ao melhor conte\u00fado<\/p>\n<p>Somos l\u00edderes de audi\u00eancia local. Somos sociais.\u00a0Conecte-se conosco.<\/p>\n<\/p><\/div>\n<section>  \t<img alt=\"Avatar photo\" src=\"https:\/\/hostingpress.com.br\/wp-content\/uploads\/2026\/03\/cropped-Divilgacao-95x95.jpeg\"  height=\"95\" width=\"95\" decoding=\"async\">\t \t<\/p>\n<div>\n<p>Vinicius Moror\u00f3<\/p>\n<p>Editor-Executivo-Regional | Jornalista | Diretor Editorial    Editor-Executivo-Regional da HostingPress Ag\u00eancia de Not\u00edcias de S\u00e3o Paulo, com atua\u00e7\u00e3o voltada \u00e0 coordena\u00e7\u00e3o editorial regional, articula\u00e7\u00e3o com ve\u00edculos parceiros e fortalecimento da distribui\u00e7\u00e3o de conte\u00fado jornal\u00edstico no Estado de S\u00e3o Paulo.      Editor-chefe do Jornal Impacto Cotia, com foco em jornalismo investigativo, interesse p\u00fablico e an\u00e1lise cr\u00edtica de temas pol\u00edticos, sociais e institucionais.<\/p>\n<\/p><\/div>\n<\/section>\n","protected":false},"excerpt":{"rendered":"<p>Administra\u00e7\u00e3o afirma que obras estavam contaminadas por fungos; cr\u00edticas apontam poss\u00edvel perda de acervo A Prefeitura de Osasco descartou centenas de livros da Biblioteca P\u00fablica Monteiro Lobato, na Regi\u00e3o Metropolitana de S\u00e3o Paulo. O material foi jogado no lixo na \u00faltima sexta-feira (24), e a a\u00e7\u00e3o ganhou repercuss\u00e3o ap\u00f3s a circula\u00e7\u00e3o de imagens, v\u00eddeos e<\/p>\n","protected":false},"author":808,"featured_media":156237,"comment_status":"closed","ping_status":"closed","sticky":false,"template":"","format":"standard","meta":{"footnotes":""},"categories":[37],"tags":[],"class_list":{"0":"post-156236","1":"post","2":"type-post","3":"status-publish","4":"format-standard","5":"has-post-thumbnail","7":"category-educacao"},"_links":{"self":[{"href":"https:\/\/obuxixeiro.com.br\/index.php?rest_route=\/wp\/v2\/posts\/156236","targetHints":{"allow":["GET"]}}],"collection":[{"href":"https:\/\/obuxixeiro.com.br\/index.php?rest_route=\/wp\/v2\/posts"}],"about":[{"href":"https:\/\/obuxixeiro.com.br\/index.php?rest_route=\/wp\/v2\/types\/post"}],"author":[{"embeddable":true,"href":"https:\/\/obuxixeiro.com.br\/index.php?rest_route=\/wp\/v2\/users\/808"}],"replies":[{"embeddable":true,"href":"https:\/\/obuxixeiro.com.br\/index.php?rest_route=%2Fwp%2Fv2%2Fcomments&post=156236"}],"version-history":[{"count":0,"href":"https:\/\/obuxixeiro.com.br\/index.php?rest_route=\/wp\/v2\/posts\/156236\/revisions"}],"wp:featuredmedia":[{"embeddable":true,"href":"https:\/\/obuxixeiro.com.br\/index.php?rest_route=\/wp\/v2\/media\/156237"}],"wp:attachment":[{"href":"https:\/\/obuxixeiro.com.br\/index.php?rest_route=%2Fwp%2Fv2%2Fmedia&parent=156236"}],"wp:term":[{"taxonomy":"category","embeddable":true,"href":"https:\/\/obuxixeiro.com.br\/index.php?rest_route=%2Fwp%2Fv2%2Fcategories&post=156236"},{"taxonomy":"post_tag","embeddable":true,"href":"https:\/\/obuxixeiro.com.br\/index.php?rest_route=%2Fwp%2Fv2%2Ftags&post=156236"}],"curies":[{"name":"wp","href":"https:\/\/api.w.org\/{rel}","templated":true}]}}