{"id":156271,"date":"2026-04-28T01:41:00","date_gmt":"2026-04-28T04:41:00","guid":{"rendered":"https:\/\/obuxixeiro.com.br\/?p=156271"},"modified":"2026-04-28T01:41:00","modified_gmt":"2026-04-28T04:41:00","slug":"previsao-do-tempo-indica-instabilidade-e-chance-de-chuva-nesta-terca-feira-em-sp","status":"publish","type":"post","link":"https:\/\/obuxixeiro.com.br\/?p=156271","title":{"rendered":"Previs\u00e3o do tempo indica instabilidade e chance de chuva nesta ter\u00e7a-feira em SP"},"content":{"rendered":"\n<div>\n<p><strong>Frente fria provoca pancadas isoladas com risco de ventos e raios ao longo do dia<\/strong><\/p>\n<p>A ter\u00e7a-feira (28) come\u00e7a com <strong>sol entre muitas nuvens e tempo inst\u00e1vel<\/strong> em diferentes regi\u00f5es do estado de S\u00e3o Paulo, especialmente em \u00e1reas pr\u00f3ximas \u00e0 divisa com o Paran\u00e1 e no litoral.<\/p>\n<p>Ao longo da tarde, h\u00e1 previs\u00e3o de <strong>pancadas de chuva isoladas<\/strong>, que podem ocorrer com <strong>forte intensidade em alguns pontos<\/strong>, acompanhadas de <strong>raios e rajadas de vento<\/strong>, devido \u00e0 atua\u00e7\u00e3o de uma frente fria sobre o estado.<\/p>\n<p>Nas demais regi\u00f5es paulistas, a chuva tende a ocorrer de forma <strong>pontual e sem grandes acumulados<\/strong>, sem previs\u00e3o de eventos generalizados at\u00e9 o momento.<\/p>\n<p>Na capital, os term\u00f4metros devem variar entre <strong>19\u00b0C de m\u00ednima e 27\u00b0C de m\u00e1xima<\/strong>, enquanto no munic\u00edpio de Roseira a previs\u00e3o \u00e9 de <strong>m\u00ednima de 19\u00b0C e m\u00e1xima de 28\u00b0C<\/strong>.<\/p>\n<p>A orienta\u00e7\u00e3o \u00e9 que a popula\u00e7\u00e3o acompanhe as atualiza\u00e7\u00f5es meteorol\u00f3gicas e evite \u00e1reas com hist\u00f3rico de alagamentos, j\u00e1 que <strong>chuvas intensas podem provocar transtornos localizados<\/strong>, principalmente no per\u00edodo da tarde.<\/p>\n<p>O cen\u00e1rio refor\u00e7a a influ\u00eancia de sistemas meteorol\u00f3gicos t\u00edpicos de transi\u00e7\u00e3o, que exigem aten\u00e7\u00e3o redobrada para mudan\u00e7as r\u00e1pidas nas condi\u00e7\u00f5es do tempo.<\/p>\n<p><strong>HostingPRESS Ag\u00eancia de Not\u00edcias de S\u00e3o Paulo<\/strong><br \/>Conte\u00fado distribu\u00eddo por nossa Central de Jornalismo<br \/>Reprodu\u00e7\u00e3o autorizada mediante cr\u00e9dito da fonte<\/p>\n<p>Portal criado para conectar os leitores da regi\u00e3o ao melhor conte\u00fado<\/p>\n<p>Somos l\u00edderes de audi\u00eancia local. Somos sociais.\u00a0Conecte-se conosco.<\/p>\n<\/p><\/div>\n<section>  \t<img alt=\"Avatar photo\" src=\"https:\/\/hostingpress.com.br\/wp-content\/uploads\/2026\/03\/cropped-Divilgacao-95x95.jpeg\"  height=\"95\" width=\"95\" decoding=\"async\">\t \t<\/p>\n<div>\n<p>Vinicius Moror\u00f3<\/p>\n<p>Editor-Executivo-Regional | Jornalista | Diretor Editorial    Editor-Executivo-Regional da HostingPress Ag\u00eancia de Not\u00edcias de S\u00e3o Paulo, com atua\u00e7\u00e3o voltada \u00e0 coordena\u00e7\u00e3o editorial regional, articula\u00e7\u00e3o com ve\u00edculos parceiros e fortalecimento da distribui\u00e7\u00e3o de conte\u00fado jornal\u00edstico no Estado de S\u00e3o Paulo.      Editor-chefe do Jornal Impacto Cotia, com foco em jornalismo investigativo, interesse p\u00fablico e an\u00e1lise cr\u00edtica de temas pol\u00edticos, sociais e institucionais.<\/p>\n<\/p><\/div>\n<\/section>\n","protected":false},"excerpt":{"rendered":"<p>Frente fria provoca pancadas isoladas com risco de ventos e raios ao longo do dia A ter\u00e7a-feira (28) come\u00e7a com sol entre muitas nuvens e tempo inst\u00e1vel em diferentes regi\u00f5es do estado de S\u00e3o Paulo, especialmente em \u00e1reas pr\u00f3ximas \u00e0 divisa com o Paran\u00e1 e no litoral. Ao longo da tarde, h\u00e1 previs\u00e3o de pancadas<\/p>\n","protected":false},"author":808,"featured_media":156272,"comment_status":"closed","ping_status":"closed","sticky":false,"template":"","format":"standard","meta":{"footnotes":""},"categories":[32,1],"tags":[],"class_list":{"0":"post-156271","1":"post","2":"type-post","3":"status-publish","4":"format-standard","5":"has-post-thumbnail","7":"category-brasil","8":"category-todas-noticias"},"_links":{"self":[{"href":"https:\/\/obuxixeiro.com.br\/index.php?rest_route=\/wp\/v2\/posts\/156271","targetHints":{"allow":["GET"]}}],"collection":[{"href":"https:\/\/obuxixeiro.com.br\/index.php?rest_route=\/wp\/v2\/posts"}],"about":[{"href":"https:\/\/obuxixeiro.com.br\/index.php?rest_route=\/wp\/v2\/types\/post"}],"author":[{"embeddable":true,"href":"https:\/\/obuxixeiro.com.br\/index.php?rest_route=\/wp\/v2\/users\/808"}],"replies":[{"embeddable":true,"href":"https:\/\/obuxixeiro.com.br\/index.php?rest_route=%2Fwp%2Fv2%2Fcomments&post=156271"}],"version-history":[{"count":0,"href":"https:\/\/obuxixeiro.com.br\/index.php?rest_route=\/wp\/v2\/posts\/156271\/revisions"}],"wp:featuredmedia":[{"embeddable":true,"href":"https:\/\/obuxixeiro.com.br\/index.php?rest_route=\/wp\/v2\/media\/156272"}],"wp:attachment":[{"href":"https:\/\/obuxixeiro.com.br\/index.php?rest_route=%2Fwp%2Fv2%2Fmedia&parent=156271"}],"wp:term":[{"taxonomy":"category","embeddable":true,"href":"https:\/\/obuxixeiro.com.br\/index.php?rest_route=%2Fwp%2Fv2%2Fcategories&post=156271"},{"taxonomy":"post_tag","embeddable":true,"href":"https:\/\/obuxixeiro.com.br\/index.php?rest_route=%2Fwp%2Fv2%2Ftags&post=156271"}],"curies":[{"name":"wp","href":"https:\/\/api.w.org\/{rel}","templated":true}]}}