{"id":156312,"date":"2026-04-28T18:10:36","date_gmt":"2026-04-28T21:10:36","guid":{"rendered":"https:\/\/obuxixeiro.com.br\/?p=156312"},"modified":"2026-04-28T18:10:36","modified_gmt":"2026-04-28T21:10:36","slug":"prefcg-firma-convenio-com-maternidade-para-atender-maes-atipicas","status":"publish","type":"post","link":"https:\/\/obuxixeiro.com.br\/?p=156312","title":{"rendered":"PrefCG firma conv\u00eanio com maternidade para atender m\u00e3es at\u00edpicas"},"content":{"rendered":"<p>Foi assinado pela Prefeitura de Campo Grande, nesta ter\u00e7a-feira (28), conv\u00eanio com a Maternidade C\u00e2ndido Mariano para atender \u00e0s m\u00e3es at\u00edpicas na Capital. O acordo garante repasse mensal \u00e0 entidade e integra o novo modelo estruturado pelo munic\u00edpio para dar mais agilidade, organiza\u00e7\u00e3o e cuidado cont\u00ednuo a essas fam\u00edlias.<\/p>\n<p>O objetivo \u00e9 acelerar a entrega de fraldas e dietas especiais, al\u00e9m de qualificar o atendimento de crian\u00e7as de 0 a 12 anos. Ap\u00f3s essa faixa et\u00e1ria, o acompanhamento segue diretamente pelo N\u00facleo de Apoio \u00e0s M\u00e3es At\u00edpicas (Nama).<\/p>\n<p>Durante a assinatura, a prefeita destacou que a iniciativa \u00e9 resultado de um trabalho t\u00e9cnico e da busca por alternativas vi\u00e1veis para um desafio hist\u00f3rico.<br \/>\n\u201cBuscamos refer\u00eancias no pa\u00eds e n\u00e3o encontramos um modelo como este. Estamos construindo uma solu\u00e7\u00e3o com responsabilidade na aplica\u00e7\u00e3o do recurso p\u00fablico e com o apoio dos \u00f3rg\u00e3os de controle, dando um encaminhamento estruturado e permanente a uma demanda importante, que exige aten\u00e7\u00e3o\u201d, afirmou Adriane Lopes.<\/p>\n<figure class=\"wp-block-image size-large\"><img fetchpriority=\"high\" decoding=\"async\" class=\"wp-image-160836\" src=\"https:\/\/cdn.campogrande.ms.gov.br\/portal\/prod\/uploads\/sites\/3\/2026\/04\/WhatsApp-Image-2026-04-28-at-13.04.42-1-1024x681.jpeg\" sizes=\"(max-width: 1024px) 100vw, 1024px\" srcset=\"https:\/\/cdn.campogrande.ms.gov.br\/portal\/prod\/uploads\/sites\/3\/2026\/04\/WhatsApp-Image-2026-04-28-at-13.04.42-1-1024x681.jpeg 1024w, https:\/\/cdn.campogrande.ms.gov.br\/portal\/prod\/uploads\/sites\/3\/2026\/04\/WhatsApp-Image-2026-04-28-at-13.04.42-1-300x200.jpeg 300w, https:\/\/cdn.campogrande.ms.gov.br\/portal\/prod\/uploads\/sites\/3\/2026\/04\/WhatsApp-Image-2026-04-28-at-13.04.42-1-768x511.jpeg 768w, https:\/\/cdn.campogrande.ms.gov.br\/portal\/prod\/uploads\/sites\/3\/2026\/04\/WhatsApp-Image-2026-04-28-at-13.04.42-1-1536x1021.jpeg 1536w, https:\/\/cdn.campogrande.ms.gov.br\/portal\/prod\/uploads\/sites\/3\/2026\/04\/WhatsApp-Image-2026-04-28-at-13.04.42-1.jpeg 1600w\" alt=\"\" width=\"1024\" height=\"681\" \/><\/figure>\n<p>Para a dire\u00e7\u00e3o da Maternidade C\u00e2ndido Mariano, o conv\u00eanio refor\u00e7a o alcance de um trabalho j\u00e1 desenvolvido pelo munic\u00edpio. \u201cO objetivo \u00e9 contribuir com o que j\u00e1 est\u00e1 sendo feito, ampliando o acolhimento dessas fam\u00edlias com uma equipe multidisciplinar. A maternidade entra como parceira para somar nesse atendimento, especialmente na organiza\u00e7\u00e3o das demandas e no suporte \u00e0s fam\u00edlias\u201d, explicou o diretor-presidente Daniel Gon\u00e7alves de Miranda.<\/p>\n<p>Levantamento inicial do Nama identificou 614 casos de m\u00e3es at\u00edpicas entre mais de 4.400 processos judiciais ativos relacionados a fraldas e dietas at\u00e9 dezembro de 2025. A prefeitura tamb\u00e9m iniciou um censo in\u00e9dito para mapear essas fam\u00edlias, com o objetivo de aprimorar o planejamento e direcionar melhor os recursos p\u00fablicos.<\/p>\n<p>A defensora p\u00fablica Eni Maria Sezerino Diniz, coordenadora do N\u00facleo de Aten\u00e7\u00e3o \u00e0 Sa\u00fade da DPMS, destacou que a iniciativa \u00e9 fruto de articula\u00e7\u00e3o entre os setores para enfrentar um cen\u00e1rio complexo. \u201cFoi uma constru\u00e7\u00e3o coletiva, porque n\u00e3o \u00e9 uma situa\u00e7\u00e3o que se resolve de forma isolada. A proposta \u00e9 organizar esse fluxo, reduzir a judicializa\u00e7\u00e3o e dar mais efici\u00eancia ao atendimento, com um olhar mais adequado para essas fam\u00edlias\u201d, pontuou.<\/p>\n<figure class=\"wp-block-image size-large\"><img decoding=\"async\" class=\"wp-image-160837\" src=\"https:\/\/cdn.campogrande.ms.gov.br\/portal\/prod\/uploads\/sites\/3\/2026\/04\/WhatsApp-Image-2026-04-28-at-13.04.41-1-1024x681.jpeg\" sizes=\"(max-width: 1024px) 100vw, 1024px\" srcset=\"https:\/\/cdn.campogrande.ms.gov.br\/portal\/prod\/uploads\/sites\/3\/2026\/04\/WhatsApp-Image-2026-04-28-at-13.04.41-1-1024x681.jpeg 1024w, https:\/\/cdn.campogrande.ms.gov.br\/portal\/prod\/uploads\/sites\/3\/2026\/04\/WhatsApp-Image-2026-04-28-at-13.04.41-1-300x200.jpeg 300w, https:\/\/cdn.campogrande.ms.gov.br\/portal\/prod\/uploads\/sites\/3\/2026\/04\/WhatsApp-Image-2026-04-28-at-13.04.41-1-768x511.jpeg 768w, https:\/\/cdn.campogrande.ms.gov.br\/portal\/prod\/uploads\/sites\/3\/2026\/04\/WhatsApp-Image-2026-04-28-at-13.04.41-1-1536x1021.jpeg 1536w, https:\/\/cdn.campogrande.ms.gov.br\/portal\/prod\/uploads\/sites\/3\/2026\/04\/WhatsApp-Image-2026-04-28-at-13.04.41-1.jpeg 1600w\" alt=\"\" width=\"1024\" height=\"681\" \/><\/figure>\n<p>O secret\u00e1rio municipal de Sa\u00fade, Marcelo Vilela, ressaltou que o conv\u00eanio fortalece a capacidade de resposta do munic\u00edpio ao integrar diferentes \u00e1reas no cuidado. J\u00e1 a secret\u00e1ria-adjunta Ivone Nabhan destacou que o modelo amplia o atendimento, especialmente na primeira inf\u00e2ncia, com mais humaniza\u00e7\u00e3o e continuidade.<\/p>\n<p>O cadastramento j\u00e1 est\u00e1 em andamento e pode ser feito pelo telefone (67) 99179-5948, canal pelo qual as m\u00e3es at\u00edpicas podem se inscrever no NAMA e acessar os servi\u00e7os oferecidos.<\/p>\n<p>A iniciativa amplia uma pol\u00edtica j\u00e1 em andamento, coordenada pela Secretaria Municipal de Sa\u00fade (Sesau) por meio do Nama, criado em outubro de 2025. Com a parceria, o atendimento tamb\u00e9m passa a ser realizado dentro da maternidade, com equipes multiprofissionais formadas por assistentes sociais, psic\u00f3logos e pediatras, refor\u00e7ando o acolhimento e o acompanhamento.<\/p>\n","protected":false},"excerpt":{"rendered":"<p>Foi assinado pela Prefeitura de Campo Grande, nesta ter\u00e7a-feira (28), conv\u00eanio com a Maternidade C\u00e2ndido Mariano para atender \u00e0s m\u00e3es at\u00edpicas na Capital. O acordo garante repasse mensal \u00e0 entidade e integra o novo modelo estruturado pelo munic\u00edpio para dar mais agilidade, organiza\u00e7\u00e3o e cuidado cont\u00ednuo a essas fam\u00edlias. O objetivo \u00e9 acelerar a entrega<\/p>\n","protected":false},"author":159,"featured_media":156313,"comment_status":"open","ping_status":"open","sticky":false,"template":"","format":"standard","meta":{"footnotes":""},"categories":[75,59,32,79,58,56,57,1],"tags":[],"class_list":{"0":"post-156312","1":"post","2":"type-post","3":"status-publish","4":"format-standard","5":"has-post-thumbnail","7":"category-aonde-ir-na-regiao","8":"category-bairros","9":"category-brasil","10":"category-destaque-nacional","11":"category-destaques-da-capital","12":"category-noticias-da-regiao","13":"category-noticias-do-estado","14":"category-todas-noticias"},"_links":{"self":[{"href":"https:\/\/obuxixeiro.com.br\/index.php?rest_route=\/wp\/v2\/posts\/156312","targetHints":{"allow":["GET"]}}],"collection":[{"href":"https:\/\/obuxixeiro.com.br\/index.php?rest_route=\/wp\/v2\/posts"}],"about":[{"href":"https:\/\/obuxixeiro.com.br\/index.php?rest_route=\/wp\/v2\/types\/post"}],"author":[{"embeddable":true,"href":"https:\/\/obuxixeiro.com.br\/index.php?rest_route=\/wp\/v2\/users\/159"}],"replies":[{"embeddable":true,"href":"https:\/\/obuxixeiro.com.br\/index.php?rest_route=%2Fwp%2Fv2%2Fcomments&post=156312"}],"version-history":[{"count":1,"href":"https:\/\/obuxixeiro.com.br\/index.php?rest_route=\/wp\/v2\/posts\/156312\/revisions"}],"predecessor-version":[{"id":156314,"href":"https:\/\/obuxixeiro.com.br\/index.php?rest_route=\/wp\/v2\/posts\/156312\/revisions\/156314"}],"wp:featuredmedia":[{"embeddable":true,"href":"https:\/\/obuxixeiro.com.br\/index.php?rest_route=\/wp\/v2\/media\/156313"}],"wp:attachment":[{"href":"https:\/\/obuxixeiro.com.br\/index.php?rest_route=%2Fwp%2Fv2%2Fmedia&parent=156312"}],"wp:term":[{"taxonomy":"category","embeddable":true,"href":"https:\/\/obuxixeiro.com.br\/index.php?rest_route=%2Fwp%2Fv2%2Fcategories&post=156312"},{"taxonomy":"post_tag","embeddable":true,"href":"https:\/\/obuxixeiro.com.br\/index.php?rest_route=%2Fwp%2Fv2%2Ftags&post=156312"}],"curies":[{"name":"wp","href":"https:\/\/api.w.org\/{rel}","templated":true}]}}