{"id":156348,"date":"2026-04-28T23:26:00","date_gmt":"2026-04-29T02:26:00","guid":{"rendered":"https:\/\/obuxixeiro.com.br\/?p=156348"},"modified":"2026-04-28T23:26:00","modified_gmt":"2026-04-29T02:26:00","slug":"policia-militar-apreende-410-kg-de-maconha-durante-operacao-no-interior-de-sp","status":"publish","type":"post","link":"https:\/\/obuxixeiro.com.br\/?p=156348","title":{"rendered":"Pol\u00edcia Militar apreende 410 kg de maconha durante opera\u00e7\u00e3o no interior de SP"},"content":{"rendered":"\n<div>\n<p><strong>A\u00e7\u00e3o policial intercepta carga de droga e refor\u00e7a combate ao tr\u00e1fico na regi\u00e3o<\/strong><\/p>\n<p>A Pol\u00edcia Militar apreendeu <strong>410 quilos de maconha<\/strong> durante uma opera\u00e7\u00e3o realizada no interior do estado de S\u00e3o Paulo. A a\u00e7\u00e3o faz parte de estrat\u00e9gias de combate ao tr\u00e1fico de drogas em rodovias e \u00e1reas de circula\u00e7\u00e3o.<\/p>\n<p>Segundo as informa\u00e7\u00f5es divulgadas, a droga foi localizada durante abordagem policial, ap\u00f3s <strong>suspeita levantada em fiscaliza\u00e7\u00e3o de rotina ou opera\u00e7\u00e3o direcionada<\/strong>. O material foi apreendido e encaminhado para procedimentos legais.<\/p>\n<p>A ocorr\u00eancia integra a\u00e7\u00f5es cont\u00ednuas voltadas ao enfrentamento do tr\u00e1fico, com foco na <strong>intercepta\u00e7\u00e3o de cargas e desarticula\u00e7\u00e3o de rotas utilizadas por organiza\u00e7\u00f5es criminosas<\/strong>.<\/p>\n<p>At\u00e9 o momento, n\u00e3o foram detalhadas informa\u00e7\u00f5es completas sobre <strong>pris\u00f5es, origem da droga ou destino final da carga<\/strong>, pontos que devem ser esclarecidos no andamento da investiga\u00e7\u00e3o.<\/p>\n<p>A apreens\u00e3o de grandes volumes de entorpecentes indica a dimens\u00e3o das opera\u00e7\u00f5es log\u00edsticas do tr\u00e1fico e refor\u00e7a a import\u00e2ncia de a\u00e7\u00f5es coordenadas das for\u00e7as de seguran\u00e7a.<\/p>\n<p>O caso segue sob apura\u00e7\u00e3o, e os desdobramentos dependem da an\u00e1lise de provas e da identifica\u00e7\u00e3o dos respons\u00e1veis pelo transporte da droga.<\/p>\n<p><strong>HostingPRESS Ag\u00eancia de Not\u00edcias de S\u00e3o Paulo<\/strong><br \/>Conte\u00fado distribu\u00eddo por nossa Central de Jornalismo<br \/>Reprodu\u00e7\u00e3o autorizada mediante cr\u00e9dito da fonte<\/p>\n<p>Portal criado para conectar os leitores da regi\u00e3o ao melhor conte\u00fado<\/p>\n<p>Somos l\u00edderes de audi\u00eancia local. Somos sociais.\u00a0Conecte-se conosco.<\/p>\n<\/p><\/div>\n<section>  \t<img alt=\"Avatar photo\" src=\"https:\/\/hostingpress.com.br\/wp-content\/uploads\/2026\/03\/cropped-Divilgacao-95x95.jpeg\"  height=\"95\" width=\"95\" decoding=\"async\">\t \t<\/p>\n<div>\n<p>Vinicius Moror\u00f3<\/p>\n<p>Editor-Executivo-Regional | Jornalista | Diretor Editorial    Editor-Executivo-Regional da HostingPress Ag\u00eancia de Not\u00edcias de S\u00e3o Paulo, com atua\u00e7\u00e3o voltada \u00e0 coordena\u00e7\u00e3o editorial regional, articula\u00e7\u00e3o com ve\u00edculos parceiros e fortalecimento da distribui\u00e7\u00e3o de conte\u00fado jornal\u00edstico no Estado de S\u00e3o Paulo.      Editor-chefe do Jornal Impacto Cotia, com foco em jornalismo investigativo, interesse p\u00fablico e an\u00e1lise cr\u00edtica de temas pol\u00edticos, sociais e institucionais.<\/p>\n<\/p><\/div>\n<\/section>\n","protected":false},"excerpt":{"rendered":"<p>A\u00e7\u00e3o policial intercepta carga de droga e refor\u00e7a combate ao tr\u00e1fico na regi\u00e3o A Pol\u00edcia Militar apreendeu 410 quilos de maconha durante uma opera\u00e7\u00e3o realizada no interior do estado de S\u00e3o Paulo. A a\u00e7\u00e3o faz parte de estrat\u00e9gias de combate ao tr\u00e1fico de drogas em rodovias e \u00e1reas de circula\u00e7\u00e3o. Segundo as informa\u00e7\u00f5es divulgadas, a<\/p>\n","protected":false},"author":808,"featured_media":156349,"comment_status":"closed","ping_status":"closed","sticky":false,"template":"","format":"standard","meta":{"footnotes":""},"categories":[32,1],"tags":[],"class_list":{"0":"post-156348","1":"post","2":"type-post","3":"status-publish","4":"format-standard","5":"has-post-thumbnail","7":"category-brasil","8":"category-todas-noticias"},"_links":{"self":[{"href":"https:\/\/obuxixeiro.com.br\/index.php?rest_route=\/wp\/v2\/posts\/156348","targetHints":{"allow":["GET"]}}],"collection":[{"href":"https:\/\/obuxixeiro.com.br\/index.php?rest_route=\/wp\/v2\/posts"}],"about":[{"href":"https:\/\/obuxixeiro.com.br\/index.php?rest_route=\/wp\/v2\/types\/post"}],"author":[{"embeddable":true,"href":"https:\/\/obuxixeiro.com.br\/index.php?rest_route=\/wp\/v2\/users\/808"}],"replies":[{"embeddable":true,"href":"https:\/\/obuxixeiro.com.br\/index.php?rest_route=%2Fwp%2Fv2%2Fcomments&post=156348"}],"version-history":[{"count":0,"href":"https:\/\/obuxixeiro.com.br\/index.php?rest_route=\/wp\/v2\/posts\/156348\/revisions"}],"wp:featuredmedia":[{"embeddable":true,"href":"https:\/\/obuxixeiro.com.br\/index.php?rest_route=\/wp\/v2\/media\/156349"}],"wp:attachment":[{"href":"https:\/\/obuxixeiro.com.br\/index.php?rest_route=%2Fwp%2Fv2%2Fmedia&parent=156348"}],"wp:term":[{"taxonomy":"category","embeddable":true,"href":"https:\/\/obuxixeiro.com.br\/index.php?rest_route=%2Fwp%2Fv2%2Fcategories&post=156348"},{"taxonomy":"post_tag","embeddable":true,"href":"https:\/\/obuxixeiro.com.br\/index.php?rest_route=%2Fwp%2Fv2%2Ftags&post=156348"}],"curies":[{"name":"wp","href":"https:\/\/api.w.org\/{rel}","templated":true}]}}