{"id":156350,"date":"2026-04-28T23:13:00","date_gmt":"2026-04-29T02:13:00","guid":{"rendered":"https:\/\/obuxixeiro.com.br\/?p=156350"},"modified":"2026-04-28T23:13:00","modified_gmt":"2026-04-29T02:13:00","slug":"quarta-feira-tera-tempo-instavel-e-chance-de-chuva-em-diversas-regioes-de-sp","status":"publish","type":"post","link":"https:\/\/obuxixeiro.com.br\/?p=156350","title":{"rendered":"Quarta-feira ter\u00e1 tempo inst\u00e1vel e chance de chuva em diversas regi\u00f5es de SP"},"content":{"rendered":"\n<div>\n<p><strong>Previs\u00e3o indica pancadas isoladas com possibilidade de ventos e raios ao longo do dia<\/strong><\/p>\n<p>A previs\u00e3o do tempo para quarta-feira (29) indica <strong>condi\u00e7\u00f5es de instabilidade em todo o estado de S\u00e3o Paulo<\/strong>, com presen\u00e7a de muitas nuvens e possibilidade de chuva em diferentes regi\u00f5es.<\/p>\n<p>Segundo as informa\u00e7\u00f5es divulgadas, ao longo do dia devem ocorrer <strong>pancadas de chuva isoladas<\/strong>, que podem ser acompanhadas por <strong>rajadas de vento e descargas el\u00e9tricas<\/strong>, especialmente no per\u00edodo da tarde.<\/p>\n<p>A instabilidade est\u00e1 associada \u00e0 atua\u00e7\u00e3o de sistemas meteorol\u00f3gicos que favorecem a forma\u00e7\u00e3o de nuvens carregadas, mantendo o <strong>clima vari\u00e1vel e sujeito a mudan\u00e7as r\u00e1pidas<\/strong>.<\/p>\n<p>Apesar da previs\u00e3o de chuva, os acumulados n\u00e3o devem ser elevados em todas as regi\u00f5es, com ocorr\u00eancia <strong>pontual e irregular<\/strong>, dependendo das condi\u00e7\u00f5es locais.<\/p>\n<p>A orienta\u00e7\u00e3o \u00e9 que a popula\u00e7\u00e3o acompanhe atualiza\u00e7\u00f5es da previs\u00e3o e evite \u00e1reas com hist\u00f3rico de alagamentos, j\u00e1 que <strong>eventos de chuva intensa podem causar transtornos localizados<\/strong>.<\/p>\n<p>O cen\u00e1rio refor\u00e7a a necessidade de aten\u00e7\u00e3o em deslocamentos e planejamento de atividades ao ar livre, diante da possibilidade de varia\u00e7\u00f5es clim\u00e1ticas ao longo do dia.<\/p>\n<p><strong>HostingPRESS Ag\u00eancia de Not\u00edcias de S\u00e3o Paulo<\/strong><br \/>Conte\u00fado distribu\u00eddo por nossa Central de Jornalismo<br \/>Reprodu\u00e7\u00e3o autorizada mediante cr\u00e9dito da fonte<\/p>\n<p>Portal criado para conectar os leitores da regi\u00e3o ao melhor conte\u00fado<\/p>\n<p>Somos l\u00edderes de audi\u00eancia local. Somos sociais.\u00a0Conecte-se conosco.<\/p>\n<\/p><\/div>\n<section>  \t<img alt=\"Avatar photo\" src=\"https:\/\/hostingpress.com.br\/wp-content\/uploads\/2026\/03\/cropped-Divilgacao-95x95.jpeg\"  height=\"95\" width=\"95\" decoding=\"async\">\t \t<\/p>\n<div>\n<p>Vinicius Moror\u00f3<\/p>\n<p>Editor-Executivo-Regional | Jornalista | Diretor Editorial    Editor-Executivo-Regional da HostingPress Ag\u00eancia de Not\u00edcias de S\u00e3o Paulo, com atua\u00e7\u00e3o voltada \u00e0 coordena\u00e7\u00e3o editorial regional, articula\u00e7\u00e3o com ve\u00edculos parceiros e fortalecimento da distribui\u00e7\u00e3o de conte\u00fado jornal\u00edstico no Estado de S\u00e3o Paulo.      Editor-chefe do Jornal Impacto Cotia, com foco em jornalismo investigativo, interesse p\u00fablico e an\u00e1lise cr\u00edtica de temas pol\u00edticos, sociais e institucionais.<\/p>\n<\/p><\/div>\n<\/section>\n","protected":false},"excerpt":{"rendered":"<p>Previs\u00e3o indica pancadas isoladas com possibilidade de ventos e raios ao longo do dia A previs\u00e3o do tempo para quarta-feira (29) indica condi\u00e7\u00f5es de instabilidade em todo o estado de S\u00e3o Paulo, com presen\u00e7a de muitas nuvens e possibilidade de chuva em diferentes regi\u00f5es. Segundo as informa\u00e7\u00f5es divulgadas, ao longo do dia devem ocorrer pancadas<\/p>\n","protected":false},"author":808,"featured_media":156351,"comment_status":"closed","ping_status":"closed","sticky":false,"template":"","format":"standard","meta":{"footnotes":""},"categories":[32,1],"tags":[],"class_list":{"0":"post-156350","1":"post","2":"type-post","3":"status-publish","4":"format-standard","5":"has-post-thumbnail","7":"category-brasil","8":"category-todas-noticias"},"_links":{"self":[{"href":"https:\/\/obuxixeiro.com.br\/index.php?rest_route=\/wp\/v2\/posts\/156350","targetHints":{"allow":["GET"]}}],"collection":[{"href":"https:\/\/obuxixeiro.com.br\/index.php?rest_route=\/wp\/v2\/posts"}],"about":[{"href":"https:\/\/obuxixeiro.com.br\/index.php?rest_route=\/wp\/v2\/types\/post"}],"author":[{"embeddable":true,"href":"https:\/\/obuxixeiro.com.br\/index.php?rest_route=\/wp\/v2\/users\/808"}],"replies":[{"embeddable":true,"href":"https:\/\/obuxixeiro.com.br\/index.php?rest_route=%2Fwp%2Fv2%2Fcomments&post=156350"}],"version-history":[{"count":0,"href":"https:\/\/obuxixeiro.com.br\/index.php?rest_route=\/wp\/v2\/posts\/156350\/revisions"}],"wp:featuredmedia":[{"embeddable":true,"href":"https:\/\/obuxixeiro.com.br\/index.php?rest_route=\/wp\/v2\/media\/156351"}],"wp:attachment":[{"href":"https:\/\/obuxixeiro.com.br\/index.php?rest_route=%2Fwp%2Fv2%2Fmedia&parent=156350"}],"wp:term":[{"taxonomy":"category","embeddable":true,"href":"https:\/\/obuxixeiro.com.br\/index.php?rest_route=%2Fwp%2Fv2%2Fcategories&post=156350"},{"taxonomy":"post_tag","embeddable":true,"href":"https:\/\/obuxixeiro.com.br\/index.php?rest_route=%2Fwp%2Fv2%2Ftags&post=156350"}],"curies":[{"name":"wp","href":"https:\/\/api.w.org\/{rel}","templated":true}]}}