{"id":156352,"date":"2026-04-28T23:07:00","date_gmt":"2026-04-29T02:07:00","guid":{"rendered":"https:\/\/obuxixeiro.com.br\/?p=156352"},"modified":"2026-04-28T23:07:00","modified_gmt":"2026-04-29T02:07:00","slug":"municipios-do-medio-tiete-receberao-r-429-bilhoes-para-ampliar-redes-de-agua-e-esgoto","status":"publish","type":"post","link":"https:\/\/obuxixeiro.com.br\/?p=156352","title":{"rendered":"Munic\u00edpios do M\u00e9dio Tiet\u00ea receber\u00e3o R$ 4,29 bilh\u00f5es para ampliar redes de \u00e1gua e esgoto"},"content":{"rendered":"\n<div>\n<p><strong>Investimentos previstos at\u00e9 2029 buscam expandir saneamento e reduzir desigualdades na regi\u00e3o<\/strong><\/p>\n<p>Munic\u00edpios da regi\u00e3o do M\u00e9dio Tiet\u00ea, no interior de S\u00e3o Paulo, devem receber <strong>R$ 4,29 bilh\u00f5es em investimentos at\u00e9 2029<\/strong> para ampliar as redes de abastecimento de \u00e1gua e esgotamento sanit\u00e1rio. A iniciativa integra a\u00e7\u00f5es voltadas \u00e0 universaliza\u00e7\u00e3o do saneamento b\u00e1sico.<\/p>\n<p>Segundo as informa\u00e7\u00f5es divulgadas, os recursos ser\u00e3o aplicados em obras de <strong>expans\u00e3o de redes, moderniza\u00e7\u00e3o de sistemas e melhoria da infraestrutura existente<\/strong>, com o objetivo de aumentar a cobertura dos servi\u00e7os essenciais.<\/p>\n<p>O projeto busca atender \u00e1reas que ainda enfrentam <strong>d\u00e9ficit de acesso a saneamento<\/strong>, contribuindo para a redu\u00e7\u00e3o de impactos ambientais e melhoria das condi\u00e7\u00f5es de sa\u00fade p\u00fablica.<\/p>\n<p>A amplia\u00e7\u00e3o das redes de \u00e1gua e esgoto tamb\u00e9m est\u00e1 relacionada \u00e0 meta de garantir <strong>maior efici\u00eancia na gest\u00e3o dos recursos h\u00eddricos<\/strong>, al\u00e9m de reduzir riscos de contamina\u00e7\u00e3o e doen\u00e7as associadas \u00e0 falta de saneamento adequado.<\/p>\n<p>Os investimentos fazem parte de um planejamento de longo prazo, com impacto direto na qualidade de vida da popula\u00e7\u00e3o e no desenvolvimento urbano dos munic\u00edpios envolvidos.<\/p>\n<p>A iniciativa refor\u00e7a a import\u00e2ncia do saneamento como pol\u00edtica p\u00fablica estruturante, com efeitos em \u00e1reas como sa\u00fade, meio ambiente e crescimento econ\u00f4mico regional.<\/p>\n<p><strong>HostingPRESS Ag\u00eancia de Not\u00edcias de S\u00e3o Paulo<\/strong><br \/>Conte\u00fado distribu\u00eddo por nossa Central de Jornalismo<br \/>Reprodu\u00e7\u00e3o autorizada mediante cr\u00e9dito da fonte<\/p>\n<p>Portal criado para conectar os leitores da regi\u00e3o ao melhor conte\u00fado<\/p>\n<p>Somos l\u00edderes de audi\u00eancia local. Somos sociais.\u00a0Conecte-se conosco.<\/p>\n<\/p><\/div>\n<section>  \t<img alt=\"Avatar photo\" src=\"https:\/\/hostingpress.com.br\/wp-content\/uploads\/2026\/03\/cropped-Divilgacao-95x95.jpeg\"  height=\"95\" width=\"95\" decoding=\"async\">\t \t<\/p>\n<div>\n<p>Vinicius Moror\u00f3<\/p>\n<p>Editor-Executivo-Regional | Jornalista | Diretor Editorial    Editor-Executivo-Regional da HostingPress Ag\u00eancia de Not\u00edcias de S\u00e3o Paulo, com atua\u00e7\u00e3o voltada \u00e0 coordena\u00e7\u00e3o editorial regional, articula\u00e7\u00e3o com ve\u00edculos parceiros e fortalecimento da distribui\u00e7\u00e3o de conte\u00fado jornal\u00edstico no Estado de S\u00e3o Paulo.      Editor-chefe do Jornal Impacto Cotia, com foco em jornalismo investigativo, interesse p\u00fablico e an\u00e1lise cr\u00edtica de temas pol\u00edticos, sociais e institucionais.<\/p>\n<\/p><\/div>\n<\/section>\n","protected":false},"excerpt":{"rendered":"<p>Investimentos previstos at\u00e9 2029 buscam expandir saneamento e reduzir desigualdades na regi\u00e3o Munic\u00edpios da regi\u00e3o do M\u00e9dio Tiet\u00ea, no interior de S\u00e3o Paulo, devem receber R$ 4,29 bilh\u00f5es em investimentos at\u00e9 2029 para ampliar as redes de abastecimento de \u00e1gua e esgotamento sanit\u00e1rio. A iniciativa integra a\u00e7\u00f5es voltadas \u00e0 universaliza\u00e7\u00e3o do saneamento b\u00e1sico. Segundo as<\/p>\n","protected":false},"author":808,"featured_media":156353,"comment_status":"closed","ping_status":"closed","sticky":false,"template":"","format":"standard","meta":{"footnotes":""},"categories":[32,1],"tags":[],"class_list":{"0":"post-156352","1":"post","2":"type-post","3":"status-publish","4":"format-standard","5":"has-post-thumbnail","7":"category-brasil","8":"category-todas-noticias"},"_links":{"self":[{"href":"https:\/\/obuxixeiro.com.br\/index.php?rest_route=\/wp\/v2\/posts\/156352","targetHints":{"allow":["GET"]}}],"collection":[{"href":"https:\/\/obuxixeiro.com.br\/index.php?rest_route=\/wp\/v2\/posts"}],"about":[{"href":"https:\/\/obuxixeiro.com.br\/index.php?rest_route=\/wp\/v2\/types\/post"}],"author":[{"embeddable":true,"href":"https:\/\/obuxixeiro.com.br\/index.php?rest_route=\/wp\/v2\/users\/808"}],"replies":[{"embeddable":true,"href":"https:\/\/obuxixeiro.com.br\/index.php?rest_route=%2Fwp%2Fv2%2Fcomments&post=156352"}],"version-history":[{"count":0,"href":"https:\/\/obuxixeiro.com.br\/index.php?rest_route=\/wp\/v2\/posts\/156352\/revisions"}],"wp:featuredmedia":[{"embeddable":true,"href":"https:\/\/obuxixeiro.com.br\/index.php?rest_route=\/wp\/v2\/media\/156353"}],"wp:attachment":[{"href":"https:\/\/obuxixeiro.com.br\/index.php?rest_route=%2Fwp%2Fv2%2Fmedia&parent=156352"}],"wp:term":[{"taxonomy":"category","embeddable":true,"href":"https:\/\/obuxixeiro.com.br\/index.php?rest_route=%2Fwp%2Fv2%2Fcategories&post=156352"},{"taxonomy":"post_tag","embeddable":true,"href":"https:\/\/obuxixeiro.com.br\/index.php?rest_route=%2Fwp%2Fv2%2Ftags&post=156352"}],"curies":[{"name":"wp","href":"https:\/\/api.w.org\/{rel}","templated":true}]}}