{"id":156354,"date":"2026-04-29T04:41:47","date_gmt":"2026-04-29T07:41:47","guid":{"rendered":"https:\/\/obuxixeiro.com.br\/?p=156354"},"modified":"2026-04-29T04:41:47","modified_gmt":"2026-04-29T07:41:47","slug":"acao-de-gcm-com-bicicleta-de-entregador-gera-repercussao-e-questionamentos-na-capital","status":"publish","type":"post","link":"https:\/\/obuxixeiro.com.br\/?p=156354","title":{"rendered":"A\u00e7\u00e3o de GCM com bicicleta de entregador gera repercuss\u00e3o e questionamentos na capital"},"content":{"rendered":"\n<div>\n<p><strong>V\u00eddeo mostra agente arremessando bicicleta durante abordagem; caso levanta debate sobre conduta<\/strong><\/p>\n<p>Uma a\u00e7\u00e3o envolvendo um agente da Guarda Civil Metropolitana (GCM) de S\u00e3o Paulo ganhou repercuss\u00e3o ap\u00f3s a divulga\u00e7\u00e3o de um v\u00eddeo que mostra a <strong>bicicleta de um entregador sendo arremessada durante uma abordagem<\/strong>.<\/p>\n<p>As imagens circularam nas redes sociais e mostram o momento em que o agente <strong>remove e lan\u00e7a a bicicleta ao ch\u00e3o<\/strong>, enquanto o trabalhador acompanha a situa\u00e7\u00e3o.<\/p>\n<p>O contexto completo da ocorr\u00eancia e as circunst\u00e2ncias que motivaram a a\u00e7\u00e3o ainda n\u00e3o foram totalmente esclarecidos pelas autoridades.<\/p>\n<p>At\u00e9 o momento, n\u00e3o h\u00e1 confirma\u00e7\u00e3o oficial sobre <strong>eventual infra\u00e7\u00e3o cometida pelo entregador<\/strong> nem sobre os procedimentos adotados pela equipe da GCM antes da interven\u00e7\u00e3o registrada no v\u00eddeo.<\/p>\n<p>Casos desse tipo costumam ser analisados sob a \u00f3tica da <strong>proporcionalidade no uso da for\u00e7a e da abordagem de agentes p\u00fablicos<\/strong>, especialmente quando envolvem trabalhadores em atividade.<\/p>\n<p>A repercuss\u00e3o levanta questionamentos sobre <strong>protocolos de atua\u00e7\u00e3o, respeito ao cidad\u00e3o e eventual necessidade de apura\u00e7\u00e3o interna<\/strong>, o que pode resultar em investiga\u00e7\u00e3o administrativa, dependendo das circunst\u00e2ncias confirmadas.<\/p>\n<p>A Guarda Civil Metropolitana ainda pode se manifestar oficialmente sobre o epis\u00f3dio, esclarecendo os fatos e indicando se haver\u00e1 <strong>procedimento de apura\u00e7\u00e3o ou medidas disciplinares<\/strong>.<\/p>\n<p>O caso refor\u00e7a o debate sobre a atua\u00e7\u00e3o de agentes p\u00fablicos em abordagens urbanas e a import\u00e2ncia de transpar\u00eancia na condu\u00e7\u00e3o dessas situa\u00e7\u00f5es.<\/p>\n<p><strong>HostingPRESS Ag\u00eancia de Not\u00edcias de S\u00e3o Paulo<\/strong><br \/>Conte\u00fado distribu\u00eddo por nossa Central de Jornalismo<br \/>Reprodu\u00e7\u00e3o autorizada mediante cr\u00e9dito da fonte<\/p>\n<p>Portal criado para conectar os leitores da regi\u00e3o ao melhor conte\u00fado<\/p>\n<p>Somos l\u00edderes de audi\u00eancia local. Somos sociais.\u00a0Conecte-se conosco.<\/p>\n<\/p><\/div>\n<section>  \t<img alt=\"Avatar photo\" src=\"https:\/\/hostingpress.com.br\/wp-content\/uploads\/2026\/03\/cropped-Divilgacao-95x95.jpeg\"  height=\"95\" width=\"95\" decoding=\"async\">\t \t<\/p>\n<div>\n<p>Vinicius Moror\u00f3<\/p>\n<p>Editor-Executivo-Regional | Jornalista | Diretor Editorial    Editor-Executivo-Regional da HostingPress Ag\u00eancia de Not\u00edcias de S\u00e3o Paulo, com atua\u00e7\u00e3o voltada \u00e0 coordena\u00e7\u00e3o editorial regional, articula\u00e7\u00e3o com ve\u00edculos parceiros e fortalecimento da distribui\u00e7\u00e3o de conte\u00fado jornal\u00edstico no Estado de S\u00e3o Paulo.      Editor-chefe do Jornal Impacto Cotia, com foco em jornalismo investigativo, interesse p\u00fablico e an\u00e1lise cr\u00edtica de temas pol\u00edticos, sociais e institucionais.<\/p>\n<\/p><\/div>\n<\/section>\n","protected":false},"excerpt":{"rendered":"<p>V\u00eddeo mostra agente arremessando bicicleta durante abordagem; caso levanta debate sobre conduta Uma a\u00e7\u00e3o envolvendo um agente da Guarda Civil Metropolitana (GCM) de S\u00e3o Paulo ganhou repercuss\u00e3o ap\u00f3s a divulga\u00e7\u00e3o de um v\u00eddeo que mostra a bicicleta de um entregador sendo arremessada durante uma abordagem. As imagens circularam nas redes sociais e mostram o momento<\/p>\n","protected":false},"author":808,"featured_media":156355,"comment_status":"closed","ping_status":"closed","sticky":false,"template":"","format":"standard","meta":{"footnotes":""},"categories":[35],"tags":[],"class_list":{"0":"post-156354","1":"post","2":"type-post","3":"status-publish","4":"format-standard","5":"has-post-thumbnail","7":"category-cidades"},"_links":{"self":[{"href":"https:\/\/obuxixeiro.com.br\/index.php?rest_route=\/wp\/v2\/posts\/156354","targetHints":{"allow":["GET"]}}],"collection":[{"href":"https:\/\/obuxixeiro.com.br\/index.php?rest_route=\/wp\/v2\/posts"}],"about":[{"href":"https:\/\/obuxixeiro.com.br\/index.php?rest_route=\/wp\/v2\/types\/post"}],"author":[{"embeddable":true,"href":"https:\/\/obuxixeiro.com.br\/index.php?rest_route=\/wp\/v2\/users\/808"}],"replies":[{"embeddable":true,"href":"https:\/\/obuxixeiro.com.br\/index.php?rest_route=%2Fwp%2Fv2%2Fcomments&post=156354"}],"version-history":[{"count":0,"href":"https:\/\/obuxixeiro.com.br\/index.php?rest_route=\/wp\/v2\/posts\/156354\/revisions"}],"wp:featuredmedia":[{"embeddable":true,"href":"https:\/\/obuxixeiro.com.br\/index.php?rest_route=\/wp\/v2\/media\/156355"}],"wp:attachment":[{"href":"https:\/\/obuxixeiro.com.br\/index.php?rest_route=%2Fwp%2Fv2%2Fmedia&parent=156354"}],"wp:term":[{"taxonomy":"category","embeddable":true,"href":"https:\/\/obuxixeiro.com.br\/index.php?rest_route=%2Fwp%2Fv2%2Fcategories&post=156354"},{"taxonomy":"post_tag","embeddable":true,"href":"https:\/\/obuxixeiro.com.br\/index.php?rest_route=%2Fwp%2Fv2%2Ftags&post=156354"}],"curies":[{"name":"wp","href":"https:\/\/api.w.org\/{rel}","templated":true}]}}