{"id":156356,"date":"2026-04-29T04:41:48","date_gmt":"2026-04-29T07:41:48","guid":{"rendered":"https:\/\/obuxixeiro.com.br\/?p=156356"},"modified":"2026-04-29T04:41:48","modified_gmt":"2026-04-29T07:41:48","slug":"investigacao-aponta-plano-de-operador-do-pcc-para-pousar-helicoptero-no-palacio-dos-bandeirantes-em-2022","status":"publish","type":"post","link":"https:\/\/obuxixeiro.com.br\/?p=156356","title":{"rendered":"Investiga\u00e7\u00e3o aponta plano de operador do PCC para pousar helic\u00f3ptero no Pal\u00e1cio dos Bandeirantes em 2022"},"content":{"rendered":"\n<div>\n<p><strong>Caso envolve suspeitas de a\u00e7\u00e3o criminosa e refor\u00e7a alerta sobre seguran\u00e7a de instala\u00e7\u00f5es oficiais<\/strong><\/p>\n<p>Investiga\u00e7\u00f5es apontam que um operador ligado ao Primeiro Comando da Capital (PCC) teria planejado pousar um helic\u00f3ptero no Pal\u00e1cio dos Bandeirantes, sede do governo paulista, em 2022. O caso foi revelado a partir de apura\u00e7\u00f5es que indicam <strong>movimenta\u00e7\u00f5es suspeitas relacionadas a uma poss\u00edvel a\u00e7\u00e3o criminosa<\/strong>.<\/p>\n<p>Segundo as informa\u00e7\u00f5es divulgadas, o plano envolvia a utiliza\u00e7\u00e3o de uma aeronave para acessar a \u00e1rea do pal\u00e1cio, o que levanta questionamentos sobre <strong>n\u00edveis de seguran\u00e7a e poss\u00edveis vulnerabilidades em instala\u00e7\u00f5es oficiais<\/strong>.<\/p>\n<p>As autoridades n\u00e3o detalharam publicamente qual seria o objetivo final da a\u00e7\u00e3o, nem se houve execu\u00e7\u00e3o parcial do plano. O caso permanece vinculado a <strong>investiga\u00e7\u00f5es sobre atua\u00e7\u00e3o do crime organizado<\/strong>, que utilizam diferentes estrat\u00e9gias log\u00edsticas.<\/p>\n<p>O Pal\u00e1cio dos Bandeirantes \u00e9 um dos principais centros administrativos do estado, o que torna qualquer tentativa de acesso irregular um tema sens\u00edvel do ponto de vista institucional e de seguran\u00e7a.<\/p>\n<p>At\u00e9 o momento, n\u00e3o h\u00e1 confirma\u00e7\u00e3o de que o plano tenha sido concretizado. As informa\u00e7\u00f5es dispon\u00edveis indicam que se tratava de <strong>inten\u00e7\u00e3o investigada<\/strong>, identificada no curso de apura\u00e7\u00f5es sobre atividades do grupo criminoso.<\/p>\n<p>Casos desse tipo refor\u00e7am a necessidade de <strong>monitoramento constante e aprimoramento de protocolos de seguran\u00e7a<\/strong>, especialmente em estruturas estrat\u00e9gicas do poder p\u00fablico.<\/p>\n<p>A investiga\u00e7\u00e3o segue sob responsabilidade das autoridades competentes, que devem esclarecer os detalhes e poss\u00edveis desdobramentos do caso.<\/p>\n<p><strong>HostingPRESS Ag\u00eancia de Not\u00edcias de S\u00e3o Paulo<\/strong><br \/>Conte\u00fado distribu\u00eddo por nossa Central de Jornalismo<br \/>Reprodu\u00e7\u00e3o autorizada mediante cr\u00e9dito da fonte<\/p>\n<p>Portal criado para conectar os leitores da regi\u00e3o ao melhor conte\u00fado<\/p>\n<p>Somos l\u00edderes de audi\u00eancia local. Somos sociais.\u00a0Conecte-se conosco.<\/p>\n<\/p><\/div>\n<section>  \t<img alt=\"Avatar photo\" src=\"https:\/\/hostingpress.com.br\/wp-content\/uploads\/2026\/03\/cropped-Divilgacao-95x95.jpeg\"  height=\"95\" width=\"95\" decoding=\"async\">\t \t<\/p>\n<div>\n<p>Vinicius Moror\u00f3<\/p>\n<p>Editor-Executivo-Regional | Jornalista | Diretor Editorial    Editor-Executivo-Regional da HostingPress Ag\u00eancia de Not\u00edcias de S\u00e3o Paulo, com atua\u00e7\u00e3o voltada \u00e0 coordena\u00e7\u00e3o editorial regional, articula\u00e7\u00e3o com ve\u00edculos parceiros e fortalecimento da distribui\u00e7\u00e3o de conte\u00fado jornal\u00edstico no Estado de S\u00e3o Paulo.      Editor-chefe do Jornal Impacto Cotia, com foco em jornalismo investigativo, interesse p\u00fablico e an\u00e1lise cr\u00edtica de temas pol\u00edticos, sociais e institucionais.<\/p>\n<\/p><\/div>\n<\/section>\n","protected":false},"excerpt":{"rendered":"<p>Caso envolve suspeitas de a\u00e7\u00e3o criminosa e refor\u00e7a alerta sobre seguran\u00e7a de instala\u00e7\u00f5es oficiais Investiga\u00e7\u00f5es apontam que um operador ligado ao Primeiro Comando da Capital (PCC) teria planejado pousar um helic\u00f3ptero no Pal\u00e1cio dos Bandeirantes, sede do governo paulista, em 2022. O caso foi revelado a partir de apura\u00e7\u00f5es que indicam movimenta\u00e7\u00f5es suspeitas relacionadas a<\/p>\n","protected":false},"author":812,"featured_media":156357,"comment_status":"closed","ping_status":"closed","sticky":false,"template":"","format":"standard","meta":{"footnotes":""},"categories":[34],"tags":[],"class_list":{"0":"post-156356","1":"post","2":"type-post","3":"status-publish","4":"format-standard","5":"has-post-thumbnail","7":"category-policia"},"_links":{"self":[{"href":"https:\/\/obuxixeiro.com.br\/index.php?rest_route=\/wp\/v2\/posts\/156356","targetHints":{"allow":["GET"]}}],"collection":[{"href":"https:\/\/obuxixeiro.com.br\/index.php?rest_route=\/wp\/v2\/posts"}],"about":[{"href":"https:\/\/obuxixeiro.com.br\/index.php?rest_route=\/wp\/v2\/types\/post"}],"author":[{"embeddable":true,"href":"https:\/\/obuxixeiro.com.br\/index.php?rest_route=\/wp\/v2\/users\/812"}],"replies":[{"embeddable":true,"href":"https:\/\/obuxixeiro.com.br\/index.php?rest_route=%2Fwp%2Fv2%2Fcomments&post=156356"}],"version-history":[{"count":0,"href":"https:\/\/obuxixeiro.com.br\/index.php?rest_route=\/wp\/v2\/posts\/156356\/revisions"}],"wp:featuredmedia":[{"embeddable":true,"href":"https:\/\/obuxixeiro.com.br\/index.php?rest_route=\/wp\/v2\/media\/156357"}],"wp:attachment":[{"href":"https:\/\/obuxixeiro.com.br\/index.php?rest_route=%2Fwp%2Fv2%2Fmedia&parent=156356"}],"wp:term":[{"taxonomy":"category","embeddable":true,"href":"https:\/\/obuxixeiro.com.br\/index.php?rest_route=%2Fwp%2Fv2%2Fcategories&post=156356"},{"taxonomy":"post_tag","embeddable":true,"href":"https:\/\/obuxixeiro.com.br\/index.php?rest_route=%2Fwp%2Fv2%2Ftags&post=156356"}],"curies":[{"name":"wp","href":"https:\/\/api.w.org\/{rel}","templated":true}]}}