{"id":156358,"date":"2026-04-29T04:41:47","date_gmt":"2026-04-29T07:41:47","guid":{"rendered":"https:\/\/obuxixeiro.com.br\/?p=156358"},"modified":"2026-04-29T04:41:47","modified_gmt":"2026-04-29T07:41:47","slug":"van-escolar-com-criancas-bate-em-casa-na-capital-paulista","status":"publish","type":"post","link":"https:\/\/obuxixeiro.com.br\/?p=156358","title":{"rendered":"Van escolar com crian\u00e7as bate em casa na capital paulista"},"content":{"rendered":"\n<div>\n<p><strong>Acidente mobiliza equipes e levanta aten\u00e7\u00e3o sobre seguran\u00e7a no transporte escolar<\/strong><\/p>\n<p>Uma van escolar que transportava crian\u00e7as colidiu contra uma resid\u00eancia na cidade de S\u00e3o Paulo, gerando mobiliza\u00e7\u00e3o de equipes de emerg\u00eancia e aten\u00e7\u00e3o de moradores da regi\u00e3o. O caso ocorreu em via urbana e teve repercuss\u00e3o ap\u00f3s registros do acidente.<\/p>\n<p>Segundo as informa\u00e7\u00f5es divulgadas, o ve\u00edculo perdeu o controle antes de atingir o im\u00f3vel. Ainda n\u00e3o h\u00e1 confirma\u00e7\u00e3o oficial sobre <strong>o que teria causado o acidente<\/strong>, como falha mec\u00e2nica, condi\u00e7\u00e3o da via ou outro fator.<\/p>\n<p>As crian\u00e7as que estavam no ve\u00edculo foram atendidas ap\u00f3s a colis\u00e3o, e o estado de sa\u00fade das v\u00edtimas n\u00e3o foi detalhado at\u00e9 o momento. Equipes de resgate foram acionadas para prestar <strong>atendimento no local e avaliar poss\u00edveis feridos<\/strong>.<\/p>\n<p>O impacto causou danos \u00e0 estrutura da resid\u00eancia atingida, mas n\u00e3o h\u00e1 confirma\u00e7\u00e3o p\u00fablica sobre <strong>moradores feridos dentro do im\u00f3vel<\/strong>.<\/p>\n<p>Casos envolvendo transporte escolar exigem aten\u00e7\u00e3o especial, j\u00e1 que envolvem <strong>passageiros em situa\u00e7\u00e3o de vulnerabilidade<\/strong>, o que demanda rigor na manuten\u00e7\u00e3o dos ve\u00edculos e na condu\u00e7\u00e3o.<\/p>\n<p>As circunst\u00e2ncias do acidente devem ser apuradas pelas autoridades competentes, que ir\u00e3o avaliar responsabilidades e eventuais falhas envolvidas na ocorr\u00eancia.<\/p>\n<p>O epis\u00f3dio refor\u00e7a a import\u00e2ncia de fiscaliza\u00e7\u00e3o e seguran\u00e7a no transporte escolar, especialmente em \u00e1reas urbanas com grande circula\u00e7\u00e3o.<\/p>\n<p><strong>HostingPRESS Ag\u00eancia de Not\u00edcias de S\u00e3o Paulo<\/strong><br \/>Conte\u00fado distribu\u00eddo por nossa Central de Jornalismo<br \/>Reprodu\u00e7\u00e3o autorizada mediante cr\u00e9dito da fonte<\/p>\n<p>Portal criado para conectar os leitores da regi\u00e3o ao melhor conte\u00fado<\/p>\n<p>Somos l\u00edderes de audi\u00eancia local. Somos sociais.\u00a0Conecte-se conosco.<\/p>\n<\/p><\/div>\n<section>  \t<img alt=\"Avatar photo\" src=\"https:\/\/hostingpress.com.br\/wp-content\/uploads\/2026\/03\/cropped-Divilgacao-95x95.jpeg\"  height=\"95\" width=\"95\" decoding=\"async\">\t \t<\/p>\n<div>\n<p>Vinicius Moror\u00f3<\/p>\n<p>Editor-Executivo-Regional | Jornalista | Diretor Editorial    Editor-Executivo-Regional da HostingPress Ag\u00eancia de Not\u00edcias de S\u00e3o Paulo, com atua\u00e7\u00e3o voltada \u00e0 coordena\u00e7\u00e3o editorial regional, articula\u00e7\u00e3o com ve\u00edculos parceiros e fortalecimento da distribui\u00e7\u00e3o de conte\u00fado jornal\u00edstico no Estado de S\u00e3o Paulo.      Editor-chefe do Jornal Impacto Cotia, com foco em jornalismo investigativo, interesse p\u00fablico e an\u00e1lise cr\u00edtica de temas pol\u00edticos, sociais e institucionais.<\/p>\n<\/p><\/div>\n<\/section>\n","protected":false},"excerpt":{"rendered":"<p>Acidente mobiliza equipes e levanta aten\u00e7\u00e3o sobre seguran\u00e7a no transporte escolar Uma van escolar que transportava crian\u00e7as colidiu contra uma resid\u00eancia na cidade de S\u00e3o Paulo, gerando mobiliza\u00e7\u00e3o de equipes de emerg\u00eancia e aten\u00e7\u00e3o de moradores da regi\u00e3o. O caso ocorreu em via urbana e teve repercuss\u00e3o ap\u00f3s registros do acidente. Segundo as informa\u00e7\u00f5es divulgadas,<\/p>\n","protected":false},"author":809,"featured_media":156359,"comment_status":"closed","ping_status":"closed","sticky":false,"template":"","format":"standard","meta":{"footnotes":""},"categories":[34],"tags":[],"class_list":{"0":"post-156358","1":"post","2":"type-post","3":"status-publish","4":"format-standard","5":"has-post-thumbnail","7":"category-policia"},"_links":{"self":[{"href":"https:\/\/obuxixeiro.com.br\/index.php?rest_route=\/wp\/v2\/posts\/156358","targetHints":{"allow":["GET"]}}],"collection":[{"href":"https:\/\/obuxixeiro.com.br\/index.php?rest_route=\/wp\/v2\/posts"}],"about":[{"href":"https:\/\/obuxixeiro.com.br\/index.php?rest_route=\/wp\/v2\/types\/post"}],"author":[{"embeddable":true,"href":"https:\/\/obuxixeiro.com.br\/index.php?rest_route=\/wp\/v2\/users\/809"}],"replies":[{"embeddable":true,"href":"https:\/\/obuxixeiro.com.br\/index.php?rest_route=%2Fwp%2Fv2%2Fcomments&post=156358"}],"version-history":[{"count":0,"href":"https:\/\/obuxixeiro.com.br\/index.php?rest_route=\/wp\/v2\/posts\/156358\/revisions"}],"wp:featuredmedia":[{"embeddable":true,"href":"https:\/\/obuxixeiro.com.br\/index.php?rest_route=\/wp\/v2\/media\/156359"}],"wp:attachment":[{"href":"https:\/\/obuxixeiro.com.br\/index.php?rest_route=%2Fwp%2Fv2%2Fmedia&parent=156358"}],"wp:term":[{"taxonomy":"category","embeddable":true,"href":"https:\/\/obuxixeiro.com.br\/index.php?rest_route=%2Fwp%2Fv2%2Fcategories&post=156358"},{"taxonomy":"post_tag","embeddable":true,"href":"https:\/\/obuxixeiro.com.br\/index.php?rest_route=%2Fwp%2Fv2%2Ftags&post=156358"}],"curies":[{"name":"wp","href":"https:\/\/api.w.org\/{rel}","templated":true}]}}