{"id":156360,"date":"2026-04-29T04:41:55","date_gmt":"2026-04-29T07:41:55","guid":{"rendered":"https:\/\/obuxixeiro.com.br\/?p=156360"},"modified":"2026-04-29T04:41:55","modified_gmt":"2026-04-29T07:41:55","slug":"governo-de-sp-entrega-modernizacao-de-aeroporto-em-ribeirao-preto-e-amplia-capacidade","status":"publish","type":"post","link":"https:\/\/obuxixeiro.com.br\/?p=156360","title":{"rendered":"Governo de SP entrega moderniza\u00e7\u00e3o de aeroporto em Ribeir\u00e3o Preto e amplia capacidade"},"content":{"rendered":"\n<div>\n<p><strong>Terminal passa a comportar at\u00e9 1,5 milh\u00e3o de passageiros por ano ap\u00f3s obras de melhoria<\/strong><\/p>\n<p>O Governo de S\u00e3o Paulo entregou a moderniza\u00e7\u00e3o do aeroporto de Ribeir\u00e3o Preto, no interior do estado, com amplia\u00e7\u00e3o da capacidade para <strong>at\u00e9 1,5 milh\u00e3o de passageiros por ano<\/strong>. As interven\u00e7\u00f5es fazem parte de um conjunto de investimentos voltados \u00e0 infraestrutura aeroportu\u00e1ria.<\/p>\n<p>Segundo as informa\u00e7\u00f5es divulgadas, as obras inclu\u00edram <strong>melhorias estruturais e operacionais no terminal<\/strong>, com o objetivo de aumentar a efici\u00eancia, o conforto dos usu\u00e1rios e a capacidade de atendimento.<\/p>\n<p>A amplia\u00e7\u00e3o busca acompanhar o crescimento da demanda por transporte a\u00e9reo na regi\u00e3o, considerada um importante polo econ\u00f4mico do interior paulista, com impacto direto na <strong>log\u00edstica, turismo e mobilidade regional<\/strong>.<\/p>\n<p>Com a moderniza\u00e7\u00e3o, o aeroporto passa a oferecer <strong>melhores condi\u00e7\u00f5es para embarque e desembarque<\/strong>, al\u00e9m de potencial para atrair novas rotas e ampliar a conectividade com outras cidades.<\/p>\n<p>Projetos desse tipo s\u00e3o considerados estrat\u00e9gicos para o desenvolvimento regional, ao facilitar o deslocamento de pessoas e fortalecer atividades econ\u00f4micas locais.<\/p>\n<p>A entrega da obra integra pol\u00edticas p\u00fablicas voltadas \u00e0 expans\u00e3o da infraestrutura de transporte no estado, com foco em <strong>efici\u00eancia, competitividade e desenvolvimento econ\u00f4mico<\/strong>.<\/p>\n<p><strong>HostingPRESS Ag\u00eancia de Not\u00edcias de S\u00e3o Paulo<\/strong><br \/>Conte\u00fado distribu\u00eddo por nossa Central de Jornalismo<br \/>Reprodu\u00e7\u00e3o autorizada mediante cr\u00e9dito da fonte<\/p>\n<p>Portal criado para conectar os leitores da regi\u00e3o ao melhor conte\u00fado<\/p>\n<p>Somos l\u00edderes de audi\u00eancia local. Somos sociais.\u00a0Conecte-se conosco.<\/p>\n<\/p><\/div>\n<section>  \t<img alt=\"Avatar photo\" src=\"https:\/\/hostingpress.com.br\/wp-content\/uploads\/2026\/03\/cropped-Divilgacao-95x95.jpeg\"  height=\"95\" width=\"95\" decoding=\"async\">\t \t<\/p>\n<div>\n<p>Vinicius Moror\u00f3<\/p>\n<p>Editor-Executivo-Regional | Jornalista | Diretor Editorial    Editor-Executivo-Regional da HostingPress Ag\u00eancia de Not\u00edcias de S\u00e3o Paulo, com atua\u00e7\u00e3o voltada \u00e0 coordena\u00e7\u00e3o editorial regional, articula\u00e7\u00e3o com ve\u00edculos parceiros e fortalecimento da distribui\u00e7\u00e3o de conte\u00fado jornal\u00edstico no Estado de S\u00e3o Paulo.      Editor-chefe do Jornal Impacto Cotia, com foco em jornalismo investigativo, interesse p\u00fablico e an\u00e1lise cr\u00edtica de temas pol\u00edticos, sociais e institucionais.<\/p>\n<\/p><\/div>\n<\/section>\n","protected":false},"excerpt":{"rendered":"<p>Terminal passa a comportar at\u00e9 1,5 milh\u00e3o de passageiros por ano ap\u00f3s obras de melhoria O Governo de S\u00e3o Paulo entregou a moderniza\u00e7\u00e3o do aeroporto de Ribeir\u00e3o Preto, no interior do estado, com amplia\u00e7\u00e3o da capacidade para at\u00e9 1,5 milh\u00e3o de passageiros por ano. As interven\u00e7\u00f5es fazem parte de um conjunto de investimentos voltados \u00e0<\/p>\n","protected":false},"author":808,"featured_media":156361,"comment_status":"closed","ping_status":"closed","sticky":false,"template":"","format":"standard","meta":{"footnotes":""},"categories":[33],"tags":[],"class_list":{"0":"post-156360","1":"post","2":"type-post","3":"status-publish","4":"format-standard","5":"has-post-thumbnail","7":"category-politica"},"_links":{"self":[{"href":"https:\/\/obuxixeiro.com.br\/index.php?rest_route=\/wp\/v2\/posts\/156360","targetHints":{"allow":["GET"]}}],"collection":[{"href":"https:\/\/obuxixeiro.com.br\/index.php?rest_route=\/wp\/v2\/posts"}],"about":[{"href":"https:\/\/obuxixeiro.com.br\/index.php?rest_route=\/wp\/v2\/types\/post"}],"author":[{"embeddable":true,"href":"https:\/\/obuxixeiro.com.br\/index.php?rest_route=\/wp\/v2\/users\/808"}],"replies":[{"embeddable":true,"href":"https:\/\/obuxixeiro.com.br\/index.php?rest_route=%2Fwp%2Fv2%2Fcomments&post=156360"}],"version-history":[{"count":0,"href":"https:\/\/obuxixeiro.com.br\/index.php?rest_route=\/wp\/v2\/posts\/156360\/revisions"}],"wp:featuredmedia":[{"embeddable":true,"href":"https:\/\/obuxixeiro.com.br\/index.php?rest_route=\/wp\/v2\/media\/156361"}],"wp:attachment":[{"href":"https:\/\/obuxixeiro.com.br\/index.php?rest_route=%2Fwp%2Fv2%2Fmedia&parent=156360"}],"wp:term":[{"taxonomy":"category","embeddable":true,"href":"https:\/\/obuxixeiro.com.br\/index.php?rest_route=%2Fwp%2Fv2%2Fcategories&post=156360"},{"taxonomy":"post_tag","embeddable":true,"href":"https:\/\/obuxixeiro.com.br\/index.php?rest_route=%2Fwp%2Fv2%2Ftags&post=156360"}],"curies":[{"name":"wp","href":"https:\/\/api.w.org\/{rel}","templated":true}]}}