{"id":156362,"date":"2026-04-29T04:41:54","date_gmt":"2026-04-29T07:41:54","guid":{"rendered":"https:\/\/obuxixeiro.com.br\/?p=156362"},"modified":"2026-04-29T04:41:54","modified_gmt":"2026-04-29T07:41:54","slug":"relatorio-aponta-gasto-de-r-197-mil-com-acao-de-buraco-falso-ligada-a-prefeito-tiktoker","status":"publish","type":"post","link":"https:\/\/obuxixeiro.com.br\/?p=156362","title":{"rendered":"Relat\u00f3rio aponta gasto de R$ 197 mil com a\u00e7\u00e3o de buraco falso ligada a prefeito tiktoker"},"content":{"rendered":"\n<div>\n<p><strong>Documento indica uso de recursos p\u00fablicos em interven\u00e7\u00e3o que gerou repercuss\u00e3o nas redes sociais<\/strong><\/p>\n<p>Um relat\u00f3rio apontou que uma a\u00e7\u00e3o envolvendo um <strong>\u201cburaco falso\u201d<\/strong>, associada a um prefeito que ganhou visibilidade nas redes sociais, gerou um custo de <strong>R$ 197 mil aos cofres p\u00fablicos<\/strong>. O caso teve repercuss\u00e3o ap\u00f3s a divulga\u00e7\u00e3o de conte\u00fados na internet.<\/p>\n<p>Segundo as informa\u00e7\u00f5es dispon\u00edveis, a interven\u00e7\u00e3o teria sido realizada como parte de uma a\u00e7\u00e3o de comunica\u00e7\u00e3o ou demonstra\u00e7\u00e3o p\u00fablica, o que levantou questionamentos sobre <strong>finalidade, necessidade e uso de recursos p\u00fablicos<\/strong>.<\/p>\n<p>O documento citado indica o valor gasto, mas n\u00e3o detalha, de forma p\u00fablica completa, <strong>todos os itens que comp\u00f5em a despesa<\/strong>, nem os crit\u00e9rios t\u00e9cnicos adotados para a execu\u00e7\u00e3o da a\u00e7\u00e3o.<\/p>\n<p>A repercuss\u00e3o nas redes sociais ampliou o debate sobre <strong>limites entre comunica\u00e7\u00e3o institucional e promo\u00e7\u00e3o pessoal<\/strong>, especialmente quando h\u00e1 envolvimento direto de agentes p\u00fablicos e utiliza\u00e7\u00e3o de verba p\u00fablica.<\/p>\n<p>Especialistas em gest\u00e3o p\u00fablica costumam apontar que a\u00e7\u00f5es desse tipo exigem <strong>justificativa t\u00e9cnica, transpar\u00eancia e comprova\u00e7\u00e3o de interesse p\u00fablico<\/strong>, para evitar questionamentos sobre eventual desvio de finalidade.<\/p>\n<p>At\u00e9 o momento, n\u00e3o h\u00e1 confirma\u00e7\u00e3o de irregularidade por decis\u00e3o judicial. O caso pode ser alvo de <strong>an\u00e1lises por \u00f3rg\u00e3os de controle<\/strong>, dependendo da formaliza\u00e7\u00e3o de apura\u00e7\u00f5es administrativas ou legais.<\/p>\n<p>A situa\u00e7\u00e3o levanta discuss\u00e3o sobre <strong>responsabilidade na gest\u00e3o de recursos p\u00fablicos e uso estrat\u00e9gico de redes sociais por gestores<\/strong>, tema cada vez mais presente no cen\u00e1rio pol\u00edtico contempor\u00e2neo.<\/p>\n<p><strong>HostingPRESS Ag\u00eancia de Not\u00edcias de S\u00e3o Paulo<\/strong><br \/>Conte\u00fado distribu\u00eddo por nossa Central de Jornalismo<br \/>Reprodu\u00e7\u00e3o autorizada mediante cr\u00e9dito da fonte<\/p>\n<p>Portal criado para conectar os leitores da regi\u00e3o ao melhor conte\u00fado<\/p>\n<p>Somos l\u00edderes de audi\u00eancia local. Somos sociais.\u00a0Conecte-se conosco.<\/p>\n<\/p><\/div>\n<section>  \t<img alt=\"Avatar photo\" src=\"https:\/\/hostingpress.com.br\/wp-content\/uploads\/2026\/03\/cropped-Divilgacao-95x95.jpeg\"  height=\"95\" width=\"95\" decoding=\"async\">\t \t<\/p>\n<div>\n<p>Vinicius Moror\u00f3<\/p>\n<p>Editor-Executivo-Regional | Jornalista | Diretor Editorial    Editor-Executivo-Regional da HostingPress Ag\u00eancia de Not\u00edcias de S\u00e3o Paulo, com atua\u00e7\u00e3o voltada \u00e0 coordena\u00e7\u00e3o editorial regional, articula\u00e7\u00e3o com ve\u00edculos parceiros e fortalecimento da distribui\u00e7\u00e3o de conte\u00fado jornal\u00edstico no Estado de S\u00e3o Paulo.      Editor-chefe do Jornal Impacto Cotia, com foco em jornalismo investigativo, interesse p\u00fablico e an\u00e1lise cr\u00edtica de temas pol\u00edticos, sociais e institucionais.<\/p>\n<\/p><\/div>\n<\/section>\n","protected":false},"excerpt":{"rendered":"<p>Documento indica uso de recursos p\u00fablicos em interven\u00e7\u00e3o que gerou repercuss\u00e3o nas redes sociais Um relat\u00f3rio apontou que uma a\u00e7\u00e3o envolvendo um \u201cburaco falso\u201d, associada a um prefeito que ganhou visibilidade nas redes sociais, gerou um custo de R$ 197 mil aos cofres p\u00fablicos. O caso teve repercuss\u00e3o ap\u00f3s a divulga\u00e7\u00e3o de conte\u00fados na internet.<\/p>\n","protected":false},"author":808,"featured_media":156363,"comment_status":"closed","ping_status":"closed","sticky":false,"template":"","format":"standard","meta":{"footnotes":""},"categories":[33],"tags":[],"class_list":{"0":"post-156362","1":"post","2":"type-post","3":"status-publish","4":"format-standard","5":"has-post-thumbnail","7":"category-politica"},"_links":{"self":[{"href":"https:\/\/obuxixeiro.com.br\/index.php?rest_route=\/wp\/v2\/posts\/156362","targetHints":{"allow":["GET"]}}],"collection":[{"href":"https:\/\/obuxixeiro.com.br\/index.php?rest_route=\/wp\/v2\/posts"}],"about":[{"href":"https:\/\/obuxixeiro.com.br\/index.php?rest_route=\/wp\/v2\/types\/post"}],"author":[{"embeddable":true,"href":"https:\/\/obuxixeiro.com.br\/index.php?rest_route=\/wp\/v2\/users\/808"}],"replies":[{"embeddable":true,"href":"https:\/\/obuxixeiro.com.br\/index.php?rest_route=%2Fwp%2Fv2%2Fcomments&post=156362"}],"version-history":[{"count":0,"href":"https:\/\/obuxixeiro.com.br\/index.php?rest_route=\/wp\/v2\/posts\/156362\/revisions"}],"wp:featuredmedia":[{"embeddable":true,"href":"https:\/\/obuxixeiro.com.br\/index.php?rest_route=\/wp\/v2\/media\/156363"}],"wp:attachment":[{"href":"https:\/\/obuxixeiro.com.br\/index.php?rest_route=%2Fwp%2Fv2%2Fmedia&parent=156362"}],"wp:term":[{"taxonomy":"category","embeddable":true,"href":"https:\/\/obuxixeiro.com.br\/index.php?rest_route=%2Fwp%2Fv2%2Fcategories&post=156362"},{"taxonomy":"post_tag","embeddable":true,"href":"https:\/\/obuxixeiro.com.br\/index.php?rest_route=%2Fwp%2Fv2%2Ftags&post=156362"}],"curies":[{"name":"wp","href":"https:\/\/api.w.org\/{rel}","templated":true}]}}