{"id":156401,"date":"2026-04-29T12:42:13","date_gmt":"2026-04-29T15:42:13","guid":{"rendered":"https:\/\/obuxixeiro.com.br\/?p=156401"},"modified":"2026-04-29T12:42:13","modified_gmt":"2026-04-29T15:42:13","slug":"policia-federal-lanca-operacao-nacional-com-500-agentes-contra-abuso-sexual-em-todos-os-estados-do-pais","status":"publish","type":"post","link":"https:\/\/obuxixeiro.com.br\/?p=156401","title":{"rendered":"Pol\u00edcia Federal lan\u00e7a opera\u00e7\u00e3o nacional com 500 agentes contra abuso sexual em todos os estados do pa\u00eds"},"content":{"rendered":"\n<div>\n<p>Em uma das mais abrangentes opera\u00e7\u00f5es de combate \u00e0 viol\u00eancia sexual contra crian\u00e7as e adolescentes j\u00e1 realizadas no Brasil, a Pol\u00edcia Federal deflagrou nesta ter\u00e7a-feira, 28 de abril de 2026, a Opera\u00e7\u00e3o Nacional Prote\u00e7\u00e3o Integral IV, mobilizando 503 policiais federais distribu\u00eddos por todos os 26 estados da federa\u00e7\u00e3o e pelo Distrito Federal. A a\u00e7\u00e3o, que integra um esfor\u00e7o internacional mais amplo denominado Opera\u00e7\u00e3o Internacional Aliados pela Inf\u00e2ncia VI, ocorre de forma simult\u00e2nea em pelo menos outros 15 pa\u00edses, evidenciando que o combate \u00e0 explora\u00e7\u00e3o sexual de crian\u00e7as e adolescentes \u00e9 hoje um imperativo de seguran\u00e7a p\u00fablica que transcende fronteiras nacionais e exige coopera\u00e7\u00e3o multilateral de alto n\u00edvel.<\/p>\n<p>No \u00e2mbito dom\u00e9stico, foram cumpridos, no decorrer das opera\u00e7\u00f5es desta ter\u00e7a-feira, 159 mandados de busca e apreens\u00e3o e 16 mandados de pris\u00e3o preventiva, estes \u00faltimos destinados a afastar imediatamente da sociedade indiv\u00edduos identificados como autores de crimes sexuais contra menores cuja liberdade representaria risco concreto a potenciais v\u00edtimas. A abrang\u00eancia geogr\u00e1fica da opera\u00e7\u00e3o, que alcan\u00e7ou todas as unidades da federa\u00e7\u00e3o sem exce\u00e7\u00e3o, \u00e9 em si mesma um dado eloquente: o problema da viol\u00eancia sexual contra crian\u00e7as e adolescentes n\u00e3o \u00e9 peculiaridade de regi\u00f5es espec\u00edficas, mas um fen\u00f4meno disseminado por todo o territ\u00f3rio nacional, potencializado pela media\u00e7\u00e3o tecnol\u00f3gica que as redes sociais e os aplicativos de mensagens proporcionam aos abusadores.<\/p>\n<p>A denomina\u00e7\u00e3o \u201cProte\u00e7\u00e3o Integral\u201d n\u00e3o \u00e9 casual. Ela evoca, de forma deliberada, o princ\u00edpio jur\u00eddico da prote\u00e7\u00e3o integral da crian\u00e7a e do adolescente, consagrado no artigo 227 da Constitui\u00e7\u00e3o Federal de 1988 e desenvolvido em profundidade pelo Estatuto da Crian\u00e7a e do Adolescente, a Lei n\u00ba 8.069\/1990, que estabelece a prioridade absoluta dos direitos da inf\u00e2ncia e da juventude como dever do Estado, da fam\u00edlia e da sociedade. A Opera\u00e7\u00e3o Prote\u00e7\u00e3o Integral IV \u00e9, em suma, a express\u00e3o operacional desse mandato constitucional, traduzido em a\u00e7\u00e3o policial concreta, t\u00e9cnica e coordenada.<\/p>\n<p>A vertente digital dos crimes investigados merece aten\u00e7\u00e3o especial. A Pol\u00edcia Federal tem identificado, nos \u00faltimos anos, um crescimento exponencial do chamado material de abuso sexual infantil, o MASI, distribu\u00eddo em grupos criptografados, f\u00f3runs da dark web e aplicativos de mensagens instant\u00e2neas. Os criminosos utilizam t\u00e9cnicas sofisticadas de anonimiza\u00e7\u00e3o para dificultar sua identifica\u00e7\u00e3o, o que torna o trabalho de intelig\u00eancia digital fundamental para o \u00eaxito das investiga\u00e7\u00f5es. A opera\u00e7\u00e3o desta ter\u00e7a-feira \u00e9 resultado, em grande parte, de um trabalho de rastreamento digital que levou meses e que envolveu a coopera\u00e7\u00e3o com ag\u00eancias estrangeiras especializadas no combate a esse tipo de crime transnacional.<\/p>\n<p>Os dados acumulados pela PF ao longo de 2026 s\u00e3o alarmantes: apenas por meio dos chamados Grupos de Capturas, foram cumpridos pelo menos 450 mandados de pris\u00e3o de foragidos por crimes sexuais nos primeiros meses do ano. O n\u00famero ilustra tanto a extens\u00e3o do problema quanto a intensidade do esfor\u00e7o institucional em curso para enfrent\u00e1-lo, mas tamb\u00e9m sinaliza que a preven\u00e7\u00e3o e a educa\u00e7\u00e3o continuam sendo os meios mais eficazes de longo prazo para reduzir a incid\u00eancia desse tipo de viol\u00eancia.<\/p>\n<p>O impacto social da viol\u00eancia sexual contra crian\u00e7as e adolescentes \u00e9 devastador e permanente. Estudos da \u00e1rea da psicologia e da medicina forense demonstram que as v\u00edtimas de abuso sexual na inf\u00e2ncia apresentam, em m\u00e9dia, taxas mais elevadas de transtornos mentais, dificuldades de aprendizado, comportamentos de risco na adolesc\u00eancia e problemas de relacionamento interpessoal na vida adulta. O investimento em opera\u00e7\u00f5es como a Prote\u00e7\u00e3o Integral IV n\u00e3o \u00e9, portanto, apenas uma quest\u00e3o de seguran\u00e7a p\u00fablica no sentido restrito do termo, mas uma interven\u00e7\u00e3o com potencial de impacto positivo sobre indicadores de sa\u00fade mental, desenvolvimento educacional e produtividade econ\u00f4mica de uma gera\u00e7\u00e3o inteira.<\/p>\n<p>Se voc\u00ea se importa com a prote\u00e7\u00e3o dos mais vulner\u00e1veis e quer se manter informado sobre as iniciativas de seguran\u00e7a p\u00fablica no Brasil, leia a <em>HostingPress<\/em> e compartilhe este conte\u00fado com responsabilidade.<\/p>\n<p>__<\/p>\n<p>Marcelo Henrique de Carvalho, editor-chefe<\/p>\n<p>HostingPRESS \u2014 Ag\u00eancia de Not\u00edcias de S\u00e3o Paulo. Conte\u00fado distribu\u00eddo por nossa Central de Jornalismo. Reprodu\u00e7\u00e3o autorizada mediante cr\u00e9dito da fonte.<\/p>\n<\/p><\/div>\n","protected":false},"excerpt":{"rendered":"<p>Em uma das mais abrangentes opera\u00e7\u00f5es de combate \u00e0 viol\u00eancia sexual contra crian\u00e7as e adolescentes j\u00e1 realizadas no Brasil, a Pol\u00edcia Federal deflagrou nesta ter\u00e7a-feira, 28 de abril de 2026, a Opera\u00e7\u00e3o Nacional Prote\u00e7\u00e3o Integral IV, mobilizando 503 policiais federais distribu\u00eddos por todos os 26 estados da federa\u00e7\u00e3o e pelo Distrito Federal. A a\u00e7\u00e3o, que<\/p>\n","protected":false},"author":808,"featured_media":156402,"comment_status":"closed","ping_status":"closed","sticky":false,"template":"","format":"standard","meta":{"footnotes":""},"categories":[34],"tags":[],"class_list":{"0":"post-156401","1":"post","2":"type-post","3":"status-publish","4":"format-standard","5":"has-post-thumbnail","7":"category-policia"},"_links":{"self":[{"href":"https:\/\/obuxixeiro.com.br\/index.php?rest_route=\/wp\/v2\/posts\/156401","targetHints":{"allow":["GET"]}}],"collection":[{"href":"https:\/\/obuxixeiro.com.br\/index.php?rest_route=\/wp\/v2\/posts"}],"about":[{"href":"https:\/\/obuxixeiro.com.br\/index.php?rest_route=\/wp\/v2\/types\/post"}],"author":[{"embeddable":true,"href":"https:\/\/obuxixeiro.com.br\/index.php?rest_route=\/wp\/v2\/users\/808"}],"replies":[{"embeddable":true,"href":"https:\/\/obuxixeiro.com.br\/index.php?rest_route=%2Fwp%2Fv2%2Fcomments&post=156401"}],"version-history":[{"count":0,"href":"https:\/\/obuxixeiro.com.br\/index.php?rest_route=\/wp\/v2\/posts\/156401\/revisions"}],"wp:featuredmedia":[{"embeddable":true,"href":"https:\/\/obuxixeiro.com.br\/index.php?rest_route=\/wp\/v2\/media\/156402"}],"wp:attachment":[{"href":"https:\/\/obuxixeiro.com.br\/index.php?rest_route=%2Fwp%2Fv2%2Fmedia&parent=156401"}],"wp:term":[{"taxonomy":"category","embeddable":true,"href":"https:\/\/obuxixeiro.com.br\/index.php?rest_route=%2Fwp%2Fv2%2Fcategories&post=156401"},{"taxonomy":"post_tag","embeddable":true,"href":"https:\/\/obuxixeiro.com.br\/index.php?rest_route=%2Fwp%2Fv2%2Ftags&post=156401"}],"curies":[{"name":"wp","href":"https:\/\/api.w.org\/{rel}","templated":true}]}}