{"id":156411,"date":"2026-04-29T12:42:29","date_gmt":"2026-04-29T15:42:29","guid":{"rendered":"https:\/\/obuxixeiro.com.br\/?p=156411"},"modified":"2026-04-29T12:42:29","modified_gmt":"2026-04-29T15:42:29","slug":"governo-federal-entrega-mais-de-3-mil-veiculos-e-novos-equipamentos-de-radioterapia-ao-sus","status":"publish","type":"post","link":"https:\/\/obuxixeiro.com.br\/?p=156411","title":{"rendered":"Governo federal entrega mais de 3 mil ve\u00edculos e novos equipamentos de radioterapia ao SUS"},"content":{"rendered":"\n<div>\n<p>Em mais uma a\u00e7\u00e3o da pol\u00edtica federal de fortalecimento do Sistema \u00danico de Sa\u00fade, o governo do presidente Lula realizou, nesta ter\u00e7a-feira, 28 de abril de 2026, a entrega de mais de 3 mil ve\u00edculos destinados a ampliar a capacidade operacional das redes municipais e estaduais de sa\u00fade em diferentes estados do Brasil, al\u00e9m de novos equipamentos de radioterapia para unidades oncol\u00f3gicas vinculadas ao SUS. A cerim\u00f4nia, transmitida ao vivo pelo Canal Gov e pelo portal de comunica\u00e7\u00e3o oficial do governo federal, foi mais uma oportunidade de o Pal\u00e1cio do Planalto refor\u00e7ar sua narrativa de governo comprometido com a universaliza\u00e7\u00e3o do acesso \u00e0 sa\u00fade p\u00fablica e com a redu\u00e7\u00e3o das desigualdades regionais que historicamente marcam a oferta de servi\u00e7os m\u00e9dico-assistenciais no pa\u00eds.<\/p>\n<p>A entrega de ve\u00edculos para o SUS \u00e9 um componente fundamental de uma pol\u00edtica de sa\u00fade que muitas vezes \u00e9 invisibilizada pelo debate dominado pelos grandes temas hospitalares. Munic\u00edpios de pequeno e m\u00e9dio porte, especialmente aqueles localizados em regi\u00f5es interioranas do Norte, Nordeste e Centro-Oeste, dependem criticamente da disponibilidade de ve\u00edculos adequados para garantir o transporte sanit\u00e1rio de pacientes, a entrega domiciliar de medicamentos e o deslocamento de equipes de sa\u00fade da fam\u00edlia para atendimentos em zonas rurais e perif\u00e9ricas. A aus\u00eancia de frota adequada \u00e9, frequentemente, o gargalo que impede a concretiza\u00e7\u00e3o do acesso universal \u00e0 sa\u00fade prometido pela Constitui\u00e7\u00e3o Federal de 1988.<\/p>\n<p>Os equipamentos de radioterapia entregues \u00e0s unidades oncol\u00f3gicas do SUS s\u00e3o de import\u00e2ncia ainda mais estrat\u00e9gica, dada a crescente incid\u00eancia do c\u00e2ncer na popula\u00e7\u00e3o brasileira e a grave defasagem hist\u00f3rica na oferta de tratamento radioter\u00e1pico pelo sistema p\u00fablico. Segundo dados do Instituto Nacional de C\u00e2ncer, o INCA, o Brasil registra anualmente mais de 700 mil novos casos de c\u00e2ncer, exclu\u00eddos os tumores de pele n\u00e3o melanoma, e grande parte dos pacientes com indica\u00e7\u00e3o de radioterapia enfrenta filas de espera de meses ou at\u00e9 anos para iniciar o tratamento, per\u00edodo durante o qual a doen\u00e7a pode progredir de forma irrevers\u00edvel. A renova\u00e7\u00e3o e a amplia\u00e7\u00e3o do parque de equipamentos radioter\u00e1picos \u00e9, portanto, uma medida com impacto direto sobre a sobrevida e a qualidade de vida de milhares de pacientes.<\/p>\n<p>O investimento na infraestrutura do SUS precisa ser compreendido em sua dimens\u00e3o macroecon\u00f4mica e social mais ampla. Um sistema p\u00fablico de sa\u00fade robusto n\u00e3o \u00e9 apenas um direito social garantido pelo artigo 196 da Constitui\u00e7\u00e3o; \u00e9 tamb\u00e9m um fator de produtividade econ\u00f4mica, na medida em que trabalhadores saud\u00e1veis produzem mais, faltam menos ao trabalho e geram menos custos para as empresas e para a previd\u00eancia social. A rela\u00e7\u00e3o entre investimento em sa\u00fade p\u00fablica e crescimento econ\u00f4mico \u00e9 amplamente documentada pela literatura econ\u00f4mica internacional, o que torna a pol\u00edtica de fortalecimento do SUS n\u00e3o apenas socialmente necess\u00e1ria, mas economicamente racional.<\/p>\n<p>Al\u00e9m disso, mais de R$ 1 bilh\u00e3o de reais ser\u00e3o investidos na comercializa\u00e7\u00e3o de leite por cooperativas da agricultura familiar, iniciativa que articula a pol\u00edtica de sa\u00fade nutricional com o apoio ao desenvolvimento rural e \u00e0 gera\u00e7\u00e3o de renda no campo, demonstrando que a vis\u00e3o do governo federal busca integrar diferentes eixos de pol\u00edtica p\u00fablica em uma estrat\u00e9gia coerente de desenvolvimento inclusivo. A complementaridade entre sa\u00fade, agricultura familiar e seguran\u00e7a alimentar \u00e9 um dos eixos mais consistentes da pol\u00edtica social do governo Lula e encontra respaldo em evid\u00eancias cient\u00edficas que demonstram a correla\u00e7\u00e3o entre acesso a alimentos de qualidade, sa\u00fade preventiva e redu\u00e7\u00e3o dos custos assistenciais de longo prazo.<\/p>\n<p>Fique por dentro das pol\u00edticas p\u00fablicas que transformam a vida dos brasileiros acompanhando diariamente a <em>HostingPress<\/em>, seu portal de not\u00edcias com profundidade, credibilidade e compromisso com o interesse p\u00fablico.<\/p>\n<p>__<\/p>\n<p>Marcelo Henrique de Carvalho, editor-chefe<\/p>\n<p>HostingPRESS \u2014 Ag\u00eancia de Not\u00edcias de S\u00e3o Paulo. Conte\u00fado distribu\u00eddo por nossa Central de Jornalismo. Reprodu\u00e7\u00e3o autorizada mediante cr\u00e9dito da fonte.<\/p>\n<\/p><\/div>\n","protected":false},"excerpt":{"rendered":"<p>Em mais uma a\u00e7\u00e3o da pol\u00edtica federal de fortalecimento do Sistema \u00danico de Sa\u00fade, o governo do presidente Lula realizou, nesta ter\u00e7a-feira, 28 de abril de 2026, a entrega de mais de 3 mil ve\u00edculos destinados a ampliar a capacidade operacional das redes municipais e estaduais de sa\u00fade em diferentes estados do Brasil, al\u00e9m de<\/p>\n","protected":false},"author":811,"featured_media":156412,"comment_status":"closed","ping_status":"closed","sticky":false,"template":"","format":"standard","meta":{"footnotes":""},"categories":[36],"tags":[],"class_list":{"0":"post-156411","1":"post","2":"type-post","3":"status-publish","4":"format-standard","5":"has-post-thumbnail","7":"category-saude"},"_links":{"self":[{"href":"https:\/\/obuxixeiro.com.br\/index.php?rest_route=\/wp\/v2\/posts\/156411","targetHints":{"allow":["GET"]}}],"collection":[{"href":"https:\/\/obuxixeiro.com.br\/index.php?rest_route=\/wp\/v2\/posts"}],"about":[{"href":"https:\/\/obuxixeiro.com.br\/index.php?rest_route=\/wp\/v2\/types\/post"}],"author":[{"embeddable":true,"href":"https:\/\/obuxixeiro.com.br\/index.php?rest_route=\/wp\/v2\/users\/811"}],"replies":[{"embeddable":true,"href":"https:\/\/obuxixeiro.com.br\/index.php?rest_route=%2Fwp%2Fv2%2Fcomments&post=156411"}],"version-history":[{"count":0,"href":"https:\/\/obuxixeiro.com.br\/index.php?rest_route=\/wp\/v2\/posts\/156411\/revisions"}],"wp:featuredmedia":[{"embeddable":true,"href":"https:\/\/obuxixeiro.com.br\/index.php?rest_route=\/wp\/v2\/media\/156412"}],"wp:attachment":[{"href":"https:\/\/obuxixeiro.com.br\/index.php?rest_route=%2Fwp%2Fv2%2Fmedia&parent=156411"}],"wp:term":[{"taxonomy":"category","embeddable":true,"href":"https:\/\/obuxixeiro.com.br\/index.php?rest_route=%2Fwp%2Fv2%2Fcategories&post=156411"},{"taxonomy":"post_tag","embeddable":true,"href":"https:\/\/obuxixeiro.com.br\/index.php?rest_route=%2Fwp%2Fv2%2Ftags&post=156411"}],"curies":[{"name":"wp","href":"https:\/\/api.w.org\/{rel}","templated":true}]}}