{"id":156479,"date":"2026-04-30T00:41:00","date_gmt":"2026-04-30T03:41:00","guid":{"rendered":"https:\/\/obuxixeiro.com.br\/?p=156479"},"modified":"2026-04-30T00:41:00","modified_gmt":"2026-04-30T03:41:00","slug":"cet-contrata-fundacao-para-rebater-estudo-que-critica-motofaixas-em-sp","status":"publish","type":"post","link":"https:\/\/obuxixeiro.com.br\/?p=156479","title":{"rendered":"CET contrata funda\u00e7\u00e3o para rebater estudo que critica motofaixas em SP"},"content":{"rendered":"\n<div>\n<p><strong>Contrato levanta debate sobre uso de recursos p\u00fablicos e imparcialidade t\u00e9cnica<\/strong><\/p>\n<p>A Companhia de Engenharia de Tr\u00e1fego (CET) de S\u00e3o Paulo contratou uma funda\u00e7\u00e3o para elaborar um estudo com o objetivo de <strong>contrapor an\u00e1lises cr\u00edticas sobre as motofaixas implantadas na capital<\/strong>. A iniciativa ocorre em meio a debates sobre a efic\u00e1cia e seguran\u00e7a desse tipo de infraestrutura vi\u00e1ria.<\/p>\n<p>Segundo as informa\u00e7\u00f5es divulgadas, o contrato foi firmado ap\u00f3s a divulga\u00e7\u00e3o de estudos que apontavam <strong>poss\u00edveis riscos e questionamentos sobre o modelo das motofaixas<\/strong>, utilizadas para organizar o fluxo de motocicletas.<\/p>\n<p>A contrata\u00e7\u00e3o levanta discuss\u00f5es sobre o uso de recursos p\u00fablicos para <strong>produ\u00e7\u00e3o de an\u00e1lises t\u00e9cnicas com posicionamento institucional<\/strong>, especialmente quando h\u00e1 diverg\u00eancia entre estudos j\u00e1 existentes.<\/p>\n<p>As motofaixas foram implementadas como estrat\u00e9gia para <strong>reduzir acidentes e melhorar a fluidez do tr\u00e2nsito<\/strong>, mas seguem sendo alvo de avalia\u00e7\u00f5es distintas por especialistas em mobilidade urbana.<\/p>\n<p>At\u00e9 o momento, n\u00e3o h\u00e1 consenso t\u00e9cnico consolidado sobre os impactos da medida, o que mant\u00e9m o tema em debate entre \u00f3rg\u00e3os p\u00fablicos, pesquisadores e sociedade civil.<\/p>\n<p>A CET n\u00e3o detalhou publicamente todos os crit\u00e9rios que fundamentaram a contrata\u00e7\u00e3o, nem os valores envolvidos, pontos que podem ser objeto de an\u00e1lise por \u00f3rg\u00e3os de controle.<\/p>\n<p>O caso refor\u00e7a a import\u00e2ncia de transpar\u00eancia e rigor t\u00e9cnico em decis\u00f5es que envolvem pol\u00edticas p\u00fablicas de mobilidade, especialmente quando h\u00e1 <strong>impacto direto na seguran\u00e7a vi\u00e1ria<\/strong>.<\/p>\n<p><strong>HostingPRESS Ag\u00eancia de Not\u00edcias de S\u00e3o Paulo<\/strong><br \/>Conte\u00fado distribu\u00eddo por nossa Central de Jornalismo<br \/>Reprodu\u00e7\u00e3o autorizada mediante cr\u00e9dito da fonte<\/p>\n<p>Portal criado para conectar os leitores da regi\u00e3o ao melhor conte\u00fado<\/p>\n<p>Somos l\u00edderes de audi\u00eancia local. Somos sociais.\u00a0Conecte-se conosco.<\/p>\n<\/p><\/div>\n<section>  \t<img alt=\"Avatar photo\" src=\"https:\/\/hostingpress.com.br\/wp-content\/uploads\/2026\/03\/cropped-Divilgacao-95x95.jpeg\"  height=\"95\" width=\"95\" decoding=\"async\">\t \t<\/p>\n<div>\n<p>Vinicius Moror\u00f3<\/p>\n<p>Editor-Executivo-Regional | Jornalista | Diretor Editorial    Editor-Executivo-Regional da HostingPress Ag\u00eancia de Not\u00edcias de S\u00e3o Paulo, com atua\u00e7\u00e3o voltada \u00e0 coordena\u00e7\u00e3o editorial regional, articula\u00e7\u00e3o com ve\u00edculos parceiros e fortalecimento da distribui\u00e7\u00e3o de conte\u00fado jornal\u00edstico no Estado de S\u00e3o Paulo.      Editor-chefe do Jornal Impacto Cotia, com foco em jornalismo investigativo, interesse p\u00fablico e an\u00e1lise cr\u00edtica de temas pol\u00edticos, sociais e institucionais.<\/p>\n<\/p><\/div>\n<\/section>\n","protected":false},"excerpt":{"rendered":"<p>Contrato levanta debate sobre uso de recursos p\u00fablicos e imparcialidade t\u00e9cnica A Companhia de Engenharia de Tr\u00e1fego (CET) de S\u00e3o Paulo contratou uma funda\u00e7\u00e3o para elaborar um estudo com o objetivo de contrapor an\u00e1lises cr\u00edticas sobre as motofaixas implantadas na capital. A iniciativa ocorre em meio a debates sobre a efic\u00e1cia e seguran\u00e7a desse tipo<\/p>\n","protected":false},"author":808,"featured_media":156480,"comment_status":"closed","ping_status":"closed","sticky":false,"template":"","format":"standard","meta":{"footnotes":""},"categories":[32,1],"tags":[],"class_list":{"0":"post-156479","1":"post","2":"type-post","3":"status-publish","4":"format-standard","5":"has-post-thumbnail","7":"category-brasil","8":"category-todas-noticias"},"_links":{"self":[{"href":"https:\/\/obuxixeiro.com.br\/index.php?rest_route=\/wp\/v2\/posts\/156479","targetHints":{"allow":["GET"]}}],"collection":[{"href":"https:\/\/obuxixeiro.com.br\/index.php?rest_route=\/wp\/v2\/posts"}],"about":[{"href":"https:\/\/obuxixeiro.com.br\/index.php?rest_route=\/wp\/v2\/types\/post"}],"author":[{"embeddable":true,"href":"https:\/\/obuxixeiro.com.br\/index.php?rest_route=\/wp\/v2\/users\/808"}],"replies":[{"embeddable":true,"href":"https:\/\/obuxixeiro.com.br\/index.php?rest_route=%2Fwp%2Fv2%2Fcomments&post=156479"}],"version-history":[{"count":0,"href":"https:\/\/obuxixeiro.com.br\/index.php?rest_route=\/wp\/v2\/posts\/156479\/revisions"}],"wp:featuredmedia":[{"embeddable":true,"href":"https:\/\/obuxixeiro.com.br\/index.php?rest_route=\/wp\/v2\/media\/156480"}],"wp:attachment":[{"href":"https:\/\/obuxixeiro.com.br\/index.php?rest_route=%2Fwp%2Fv2%2Fmedia&parent=156479"}],"wp:term":[{"taxonomy":"category","embeddable":true,"href":"https:\/\/obuxixeiro.com.br\/index.php?rest_route=%2Fwp%2Fv2%2Fcategories&post=156479"},{"taxonomy":"post_tag","embeddable":true,"href":"https:\/\/obuxixeiro.com.br\/index.php?rest_route=%2Fwp%2Fv2%2Ftags&post=156479"}],"curies":[{"name":"wp","href":"https:\/\/api.w.org\/{rel}","templated":true}]}}