{"id":156483,"date":"2026-04-30T00:29:00","date_gmt":"2026-04-30T03:29:00","guid":{"rendered":"https:\/\/obuxixeiro.com.br\/?p=156483"},"modified":"2026-04-30T00:29:00","modified_gmt":"2026-04-30T03:29:00","slug":"sao-paulo-confirma-segundo-caso-importado-de-sarampo-e-reforca-alerta-sanitario","status":"publish","type":"post","link":"https:\/\/obuxixeiro.com.br\/?p=156483","title":{"rendered":"S\u00e3o Paulo confirma segundo caso importado de sarampo e refor\u00e7a alerta sanit\u00e1rio"},"content":{"rendered":"\n<div>\n<p><strong>Autoridades monitoram situa\u00e7\u00e3o e destacam import\u00e2ncia da vacina\u00e7\u00e3o para conter a doen\u00e7a<\/strong><\/p>\n<p>O estado de S\u00e3o Paulo confirmou o <strong>segundo caso importado de sarampo<\/strong>, segundo informa\u00e7\u00f5es das autoridades de sa\u00fade. O registro refor\u00e7a o alerta para a vigil\u00e2ncia epidemiol\u00f3gica e medidas de preven\u00e7\u00e3o contra a doen\u00e7a.<\/p>\n<p>De acordo com os dados divulgados, o caso \u00e9 considerado importado, ou seja, <strong>a infec\u00e7\u00e3o ocorreu fora do pa\u00eds<\/strong>, o que indica risco de introdu\u00e7\u00e3o do v\u00edrus em territ\u00f3rio paulista.<\/p>\n<p>As autoridades informaram que est\u00e3o realizando <strong>monitoramento de contatos e acompanhamento do caso<\/strong>, como forma de evitar poss\u00edvel transmiss\u00e3o local.<\/p>\n<p>O sarampo \u00e9 uma doen\u00e7a altamente contagiosa, transmitida por vias respirat\u00f3rias, e pode causar <strong>complica\u00e7\u00f5es graves<\/strong>, especialmente em pessoas n\u00e3o vacinadas.<\/p>\n<p>A principal forma de preven\u00e7\u00e3o \u00e9 a vacina\u00e7\u00e3o, considerada essencial para manter o controle da doen\u00e7a e evitar surtos. Por isso, o refor\u00e7o na import\u00e2ncia de manter o <strong>calend\u00e1rio vacinal atualizado<\/strong>.<\/p>\n<p>O registro do caso ocorre em um contexto de aten\u00e7\u00e3o global \u00e0 circula\u00e7\u00e3o do v\u00edrus, exigindo resposta r\u00e1pida das autoridades de sa\u00fade para conter poss\u00edveis riscos.<\/p>\n<p>A confirma\u00e7\u00e3o refor\u00e7a a necessidade de vigil\u00e2ncia cont\u00ednua e conscientiza\u00e7\u00e3o da popula\u00e7\u00e3o sobre medidas preventivas.<\/p>\n<p><strong>HostingPRESS Ag\u00eancia de Not\u00edcias de S\u00e3o Paulo<\/strong><br \/>Conte\u00fado distribu\u00eddo por nossa Central de Jornalismo<br \/>Reprodu\u00e7\u00e3o autorizada mediante cr\u00e9dito da fonte<\/p>\n<p>Portal criado para conectar os leitores da regi\u00e3o ao melhor conte\u00fado<\/p>\n<p>Somos l\u00edderes de audi\u00eancia local. Somos sociais.\u00a0Conecte-se conosco.<\/p>\n<\/p><\/div>\n<section>  \t<img alt=\"Avatar photo\" src=\"https:\/\/hostingpress.com.br\/wp-content\/uploads\/2026\/03\/cropped-Divilgacao-95x95.jpeg\"  height=\"95\" width=\"95\" decoding=\"async\">\t \t<\/p>\n<div>\n<p>Vinicius Moror\u00f3<\/p>\n<p>Editor-Executivo-Regional | Jornalista | Diretor Editorial    Editor-Executivo-Regional da HostingPress Ag\u00eancia de Not\u00edcias de S\u00e3o Paulo, com atua\u00e7\u00e3o voltada \u00e0 coordena\u00e7\u00e3o editorial regional, articula\u00e7\u00e3o com ve\u00edculos parceiros e fortalecimento da distribui\u00e7\u00e3o de conte\u00fado jornal\u00edstico no Estado de S\u00e3o Paulo.      Editor-chefe do Jornal Impacto Cotia, com foco em jornalismo investigativo, interesse p\u00fablico e an\u00e1lise cr\u00edtica de temas pol\u00edticos, sociais e institucionais.<\/p>\n<\/p><\/div>\n<\/section>\n","protected":false},"excerpt":{"rendered":"<p>Autoridades monitoram situa\u00e7\u00e3o e destacam import\u00e2ncia da vacina\u00e7\u00e3o para conter a doen\u00e7a O estado de S\u00e3o Paulo confirmou o segundo caso importado de sarampo, segundo informa\u00e7\u00f5es das autoridades de sa\u00fade. O registro refor\u00e7a o alerta para a vigil\u00e2ncia epidemiol\u00f3gica e medidas de preven\u00e7\u00e3o contra a doen\u00e7a. De acordo com os dados divulgados, o caso \u00e9<\/p>\n","protected":false},"author":808,"featured_media":156484,"comment_status":"closed","ping_status":"closed","sticky":false,"template":"","format":"standard","meta":{"footnotes":""},"categories":[32,1],"tags":[],"class_list":{"0":"post-156483","1":"post","2":"type-post","3":"status-publish","4":"format-standard","5":"has-post-thumbnail","7":"category-brasil","8":"category-todas-noticias"},"_links":{"self":[{"href":"https:\/\/obuxixeiro.com.br\/index.php?rest_route=\/wp\/v2\/posts\/156483","targetHints":{"allow":["GET"]}}],"collection":[{"href":"https:\/\/obuxixeiro.com.br\/index.php?rest_route=\/wp\/v2\/posts"}],"about":[{"href":"https:\/\/obuxixeiro.com.br\/index.php?rest_route=\/wp\/v2\/types\/post"}],"author":[{"embeddable":true,"href":"https:\/\/obuxixeiro.com.br\/index.php?rest_route=\/wp\/v2\/users\/808"}],"replies":[{"embeddable":true,"href":"https:\/\/obuxixeiro.com.br\/index.php?rest_route=%2Fwp%2Fv2%2Fcomments&post=156483"}],"version-history":[{"count":0,"href":"https:\/\/obuxixeiro.com.br\/index.php?rest_route=\/wp\/v2\/posts\/156483\/revisions"}],"wp:featuredmedia":[{"embeddable":true,"href":"https:\/\/obuxixeiro.com.br\/index.php?rest_route=\/wp\/v2\/media\/156484"}],"wp:attachment":[{"href":"https:\/\/obuxixeiro.com.br\/index.php?rest_route=%2Fwp%2Fv2%2Fmedia&parent=156483"}],"wp:term":[{"taxonomy":"category","embeddable":true,"href":"https:\/\/obuxixeiro.com.br\/index.php?rest_route=%2Fwp%2Fv2%2Fcategories&post=156483"},{"taxonomy":"post_tag","embeddable":true,"href":"https:\/\/obuxixeiro.com.br\/index.php?rest_route=%2Fwp%2Fv2%2Ftags&post=156483"}],"curies":[{"name":"wp","href":"https:\/\/api.w.org\/{rel}","templated":true}]}}