{"id":156485,"date":"2026-04-30T04:46:53","date_gmt":"2026-04-30T07:46:53","guid":{"rendered":"https:\/\/obuxixeiro.com.br\/?p=156485"},"modified":"2026-04-30T04:46:53","modified_gmt":"2026-04-30T07:46:53","slug":"stf-determina-que-sp-indenize-fotografo-que-perdeu-a-visao-apos-acao-da-pm","status":"publish","type":"post","link":"https:\/\/obuxixeiro.com.br\/?p=156485","title":{"rendered":"STF determina que SP indenize fot\u00f3grafo que perdeu a vis\u00e3o ap\u00f3s a\u00e7\u00e3o da PM"},"content":{"rendered":"\n<div>\n<p><strong>Decis\u00e3o reconhece responsabilidade do Estado por les\u00e3o causada durante opera\u00e7\u00e3o policial<\/strong><\/p>\n<p>O Supremo Tribunal Federal (STF) determinou que o Estado de S\u00e3o Paulo deve indenizar um fot\u00f3grafo que ficou cego ap\u00f3s ser atingido durante uma a\u00e7\u00e3o da Pol\u00edcia Militar. A decis\u00e3o reconhece a <strong>responsabilidade do poder p\u00fablico pelo dano causado durante a atua\u00e7\u00e3o policial<\/strong>.<\/p>\n<p>Segundo as informa\u00e7\u00f5es divulgadas, o fot\u00f3grafo foi ferido durante uma opera\u00e7\u00e3o, o que resultou na <strong>perda da vis\u00e3o<\/strong>, gerando consequ\u00eancias permanentes. O caso foi analisado no \u00e2mbito judicial, que considerou a obriga\u00e7\u00e3o do Estado em garantir a integridade de cidad\u00e3os em a\u00e7\u00f5es dessa natureza.<\/p>\n<p>O entendimento da Corte refor\u00e7a a aplica\u00e7\u00e3o da <strong>responsabilidade objetiva do Estado<\/strong>, que prev\u00ea a obriga\u00e7\u00e3o de reparar danos causados por agentes p\u00fablicos no exerc\u00edcio de suas fun\u00e7\u00f5es.<\/p>\n<p>A decis\u00e3o tamb\u00e9m destaca a necessidade de atua\u00e7\u00e3o policial dentro de crit\u00e9rios de <strong>legalidade, proporcionalidade e seguran\u00e7a<\/strong>, especialmente em contextos que envolvem presen\u00e7a de civis.<\/p>\n<p>Ainda n\u00e3o foram detalhados publicamente os valores da indeniza\u00e7\u00e3o, que devem ser definidos conforme crit\u00e9rios estabelecidos no processo judicial.<\/p>\n<p>O caso se insere em um debate mais amplo sobre <strong>uso da for\u00e7a em opera\u00e7\u00f5es policiais e prote\u00e7\u00e3o de profissionais que atuam em cobertura de eventos<\/strong>, como jornalistas e fot\u00f3grafos.<\/p>\n<p>A determina\u00e7\u00e3o do STF estabelece precedente relevante sobre a responsabiliza\u00e7\u00e3o estatal em situa\u00e7\u00f5es de danos graves decorrentes de a\u00e7\u00f5es de seguran\u00e7a p\u00fablica.<\/p>\n<p><strong>HostingPRESS Ag\u00eancia de Not\u00edcias de S\u00e3o Paulo<\/strong><br \/>Conte\u00fado distribu\u00eddo por nossa Central de Jornalismo<br \/>Reprodu\u00e7\u00e3o autorizada mediante cr\u00e9dito da fonte<\/p>\n<p>Portal criado para conectar os leitores da regi\u00e3o ao melhor conte\u00fado<\/p>\n<p>Somos l\u00edderes de audi\u00eancia local. Somos sociais.\u00a0Conecte-se conosco.<\/p>\n<\/p><\/div>\n<section>  \t<img alt=\"Avatar photo\" src=\"https:\/\/hostingpress.com.br\/wp-content\/uploads\/2026\/03\/cropped-Divilgacao-95x95.jpeg\"  height=\"95\" width=\"95\" decoding=\"async\">\t \t<\/p>\n<div>\n<p>Vinicius Moror\u00f3<\/p>\n<p>Editor-Executivo-Regional | Jornalista | Diretor Editorial    Editor-Executivo-Regional da HostingPress Ag\u00eancia de Not\u00edcias de S\u00e3o Paulo, com atua\u00e7\u00e3o voltada \u00e0 coordena\u00e7\u00e3o editorial regional, articula\u00e7\u00e3o com ve\u00edculos parceiros e fortalecimento da distribui\u00e7\u00e3o de conte\u00fado jornal\u00edstico no Estado de S\u00e3o Paulo.      Editor-chefe do Jornal Impacto Cotia, com foco em jornalismo investigativo, interesse p\u00fablico e an\u00e1lise cr\u00edtica de temas pol\u00edticos, sociais e institucionais.<\/p>\n<\/p><\/div>\n<\/section>\n","protected":false},"excerpt":{"rendered":"<p>Decis\u00e3o reconhece responsabilidade do Estado por les\u00e3o causada durante opera\u00e7\u00e3o policial O Supremo Tribunal Federal (STF) determinou que o Estado de S\u00e3o Paulo deve indenizar um fot\u00f3grafo que ficou cego ap\u00f3s ser atingido durante uma a\u00e7\u00e3o da Pol\u00edcia Militar. A decis\u00e3o reconhece a responsabilidade do poder p\u00fablico pelo dano causado durante a atua\u00e7\u00e3o policial. Segundo<\/p>\n","protected":false},"author":1,"featured_media":156486,"comment_status":"closed","ping_status":"closed","sticky":false,"template":"","format":"standard","meta":{"footnotes":""},"categories":[34],"tags":[],"class_list":{"0":"post-156485","1":"post","2":"type-post","3":"status-publish","4":"format-standard","5":"has-post-thumbnail","7":"category-policia"},"_links":{"self":[{"href":"https:\/\/obuxixeiro.com.br\/index.php?rest_route=\/wp\/v2\/posts\/156485","targetHints":{"allow":["GET"]}}],"collection":[{"href":"https:\/\/obuxixeiro.com.br\/index.php?rest_route=\/wp\/v2\/posts"}],"about":[{"href":"https:\/\/obuxixeiro.com.br\/index.php?rest_route=\/wp\/v2\/types\/post"}],"author":[{"embeddable":true,"href":"https:\/\/obuxixeiro.com.br\/index.php?rest_route=\/wp\/v2\/users\/1"}],"replies":[{"embeddable":true,"href":"https:\/\/obuxixeiro.com.br\/index.php?rest_route=%2Fwp%2Fv2%2Fcomments&post=156485"}],"version-history":[{"count":0,"href":"https:\/\/obuxixeiro.com.br\/index.php?rest_route=\/wp\/v2\/posts\/156485\/revisions"}],"wp:featuredmedia":[{"embeddable":true,"href":"https:\/\/obuxixeiro.com.br\/index.php?rest_route=\/wp\/v2\/media\/156486"}],"wp:attachment":[{"href":"https:\/\/obuxixeiro.com.br\/index.php?rest_route=%2Fwp%2Fv2%2Fmedia&parent=156485"}],"wp:term":[{"taxonomy":"category","embeddable":true,"href":"https:\/\/obuxixeiro.com.br\/index.php?rest_route=%2Fwp%2Fv2%2Fcategories&post=156485"},{"taxonomy":"post_tag","embeddable":true,"href":"https:\/\/obuxixeiro.com.br\/index.php?rest_route=%2Fwp%2Fv2%2Ftags&post=156485"}],"curies":[{"name":"wp","href":"https:\/\/api.w.org\/{rel}","templated":true}]}}