{"id":156487,"date":"2026-04-30T04:46:52","date_gmt":"2026-04-30T07:46:52","guid":{"rendered":"https:\/\/obuxixeiro.com.br\/?p=156487"},"modified":"2026-04-30T04:46:52","modified_gmt":"2026-04-30T07:46:52","slug":"mulher-assume-comando-da-policia-militar-de-sp-pela-primeira-vez-em-quase-200-anos","status":"publish","type":"post","link":"https:\/\/obuxixeiro.com.br\/?p=156487","title":{"rendered":"Mulher assume comando da Pol\u00edcia Militar de SP pela primeira vez em quase 200 anos"},"content":{"rendered":"\n<div>\n<p><strong>Nomea\u00e7\u00e3o marca mudan\u00e7a hist\u00f3rica na corpora\u00e7\u00e3o e amplia presen\u00e7a feminina em cargos de lideran\u00e7a<\/strong><\/p>\n<p>Pela primeira vez em quase dois s\u00e9culos de exist\u00eancia, a Pol\u00edcia Militar do Estado de S\u00e3o Paulo ser\u00e1 comandada por uma mulher. A nomea\u00e7\u00e3o representa um marco hist\u00f3rico na corpora\u00e7\u00e3o e refor\u00e7a a presen\u00e7a feminina em posi\u00e7\u00f5es de lideran\u00e7a na seguran\u00e7a p\u00fablica.<\/p>\n<p>Segundo as informa\u00e7\u00f5es divulgadas, a nova comandante possui trajet\u00f3ria consolidada dentro da institui\u00e7\u00e3o, com atua\u00e7\u00e3o em diferentes \u00e1reas operacionais e administrativas ao longo da carreira.<\/p>\n<p>A mudan\u00e7a ocorre em um contexto de amplia\u00e7\u00e3o do debate sobre <strong>equidade de g\u00eanero e ocupa\u00e7\u00e3o de cargos estrat\u00e9gicos por mulheres<\/strong>, especialmente em setores tradicionalmente dominados por homens, como o da seguran\u00e7a p\u00fablica.<\/p>\n<p>A Pol\u00edcia Militar \u00e9 uma das principais for\u00e7as de seguran\u00e7a do estado, respons\u00e1vel pelo policiamento ostensivo e pela preserva\u00e7\u00e3o da ordem p\u00fablica, o que torna o comando da institui\u00e7\u00e3o um cargo de alta relev\u00e2ncia.<\/p>\n<p>A nomea\u00e7\u00e3o tamb\u00e9m reflete pol\u00edticas institucionais voltadas \u00e0 valoriza\u00e7\u00e3o de carreira e reconhecimento de m\u00e9rito dentro da corpora\u00e7\u00e3o.<\/p>\n<p>Especialistas apontam que a presen\u00e7a feminina em posi\u00e7\u00f5es de comando pode contribuir para <strong>diversifica\u00e7\u00e3o de estrat\u00e9gias, amplia\u00e7\u00e3o de perspectivas e fortalecimento institucional<\/strong>.<\/p>\n<p>O an\u00fancio tem impacto simb\u00f3lico e institucional, ao representar uma mudan\u00e7a significativa na estrutura de lideran\u00e7a da Pol\u00edcia Militar paulista.<\/p>\n<p><strong>HostingPRESS Ag\u00eancia de Not\u00edcias de S\u00e3o Paulo<\/strong><br \/>Conte\u00fado distribu\u00eddo por nossa Central de Jornalismo<br \/>Reprodu\u00e7\u00e3o autorizada mediante cr\u00e9dito da fonte<\/p>\n<p>Portal criado para conectar os leitores da regi\u00e3o ao melhor conte\u00fado<\/p>\n<p>Somos l\u00edderes de audi\u00eancia local. Somos sociais.\u00a0Conecte-se conosco.<\/p>\n<\/p><\/div>\n<section>  \t<img alt=\"Avatar photo\" src=\"https:\/\/hostingpress.com.br\/wp-content\/uploads\/2026\/03\/cropped-Divilgacao-95x95.jpeg\"  height=\"95\" width=\"95\" decoding=\"async\">\t \t<\/p>\n<div>\n<p>Vinicius Moror\u00f3<\/p>\n<p>Editor-Executivo-Regional | Jornalista | Diretor Editorial    Editor-Executivo-Regional da HostingPress Ag\u00eancia de Not\u00edcias de S\u00e3o Paulo, com atua\u00e7\u00e3o voltada \u00e0 coordena\u00e7\u00e3o editorial regional, articula\u00e7\u00e3o com ve\u00edculos parceiros e fortalecimento da distribui\u00e7\u00e3o de conte\u00fado jornal\u00edstico no Estado de S\u00e3o Paulo.      Editor-chefe do Jornal Impacto Cotia, com foco em jornalismo investigativo, interesse p\u00fablico e an\u00e1lise cr\u00edtica de temas pol\u00edticos, sociais e institucionais.<\/p>\n<\/p><\/div>\n<\/section>\n","protected":false},"excerpt":{"rendered":"<p>Nomea\u00e7\u00e3o marca mudan\u00e7a hist\u00f3rica na corpora\u00e7\u00e3o e amplia presen\u00e7a feminina em cargos de lideran\u00e7a Pela primeira vez em quase dois s\u00e9culos de exist\u00eancia, a Pol\u00edcia Militar do Estado de S\u00e3o Paulo ser\u00e1 comandada por uma mulher. A nomea\u00e7\u00e3o representa um marco hist\u00f3rico na corpora\u00e7\u00e3o e refor\u00e7a a presen\u00e7a feminina em posi\u00e7\u00f5es de lideran\u00e7a na seguran\u00e7a<\/p>\n","protected":false},"author":808,"featured_media":156488,"comment_status":"closed","ping_status":"closed","sticky":false,"template":"","format":"standard","meta":{"footnotes":""},"categories":[34],"tags":[],"class_list":{"0":"post-156487","1":"post","2":"type-post","3":"status-publish","4":"format-standard","5":"has-post-thumbnail","7":"category-policia"},"_links":{"self":[{"href":"https:\/\/obuxixeiro.com.br\/index.php?rest_route=\/wp\/v2\/posts\/156487","targetHints":{"allow":["GET"]}}],"collection":[{"href":"https:\/\/obuxixeiro.com.br\/index.php?rest_route=\/wp\/v2\/posts"}],"about":[{"href":"https:\/\/obuxixeiro.com.br\/index.php?rest_route=\/wp\/v2\/types\/post"}],"author":[{"embeddable":true,"href":"https:\/\/obuxixeiro.com.br\/index.php?rest_route=\/wp\/v2\/users\/808"}],"replies":[{"embeddable":true,"href":"https:\/\/obuxixeiro.com.br\/index.php?rest_route=%2Fwp%2Fv2%2Fcomments&post=156487"}],"version-history":[{"count":0,"href":"https:\/\/obuxixeiro.com.br\/index.php?rest_route=\/wp\/v2\/posts\/156487\/revisions"}],"wp:featuredmedia":[{"embeddable":true,"href":"https:\/\/obuxixeiro.com.br\/index.php?rest_route=\/wp\/v2\/media\/156488"}],"wp:attachment":[{"href":"https:\/\/obuxixeiro.com.br\/index.php?rest_route=%2Fwp%2Fv2%2Fmedia&parent=156487"}],"wp:term":[{"taxonomy":"category","embeddable":true,"href":"https:\/\/obuxixeiro.com.br\/index.php?rest_route=%2Fwp%2Fv2%2Fcategories&post=156487"},{"taxonomy":"post_tag","embeddable":true,"href":"https:\/\/obuxixeiro.com.br\/index.php?rest_route=%2Fwp%2Fv2%2Ftags&post=156487"}],"curies":[{"name":"wp","href":"https:\/\/api.w.org\/{rel}","templated":true}]}}