{"id":156489,"date":"2026-04-30T04:47:00","date_gmt":"2026-04-30T07:47:00","guid":{"rendered":"https:\/\/obuxixeiro.com.br\/?p=156489"},"modified":"2026-04-30T04:47:00","modified_gmt":"2026-04-30T07:47:00","slug":"governo-de-sp-demite-auditores-fiscais-e-reforca-acoes-contra-irregularidades","status":"publish","type":"post","link":"https:\/\/obuxixeiro.com.br\/?p=156489","title":{"rendered":"Governo de SP demite auditores fiscais e refor\u00e7a a\u00e7\u00f5es contra irregularidades"},"content":{"rendered":"\n<div>\n<p><strong>Medida faz parte de estrat\u00e9gia de controle interno e apura\u00e7\u00e3o de condutas na administra\u00e7\u00e3o p\u00fablica<\/strong><\/p>\n<p>O Governo do Estado de S\u00e3o Paulo anunciou a <strong>demiss\u00e3o de auditores fiscais<\/strong> como parte de um conjunto de a\u00e7\u00f5es voltadas ao combate a irregularidades na administra\u00e7\u00e3o p\u00fablica. A medida integra iniciativas de controle interno e responsabiliza\u00e7\u00e3o de agentes p\u00fablicos.<\/p>\n<p>Segundo as informa\u00e7\u00f5es divulgadas, as demiss\u00f5es ocorreram ap\u00f3s <strong>processos administrativos que apuraram condutas consideradas irregulares<\/strong>, embora detalhes espec\u00edficos dos casos n\u00e3o tenham sido amplamente divulgados.<\/p>\n<p>A a\u00e7\u00e3o faz parte de uma estrat\u00e9gia mais ampla que busca <strong>fortalecer mecanismos de fiscaliza\u00e7\u00e3o, transpar\u00eancia e integridade na gest\u00e3o p\u00fablica<\/strong>, com foco na preven\u00e7\u00e3o e corre\u00e7\u00e3o de desvios.<\/p>\n<p>Al\u00e9m das demiss\u00f5es, o governo informou que tem intensificado medidas para <strong>identificar e coibir pr\u00e1ticas irregulares<\/strong>, o que pode incluir auditorias, investiga\u00e7\u00f5es internas e revis\u00e3o de procedimentos administrativos.<\/p>\n<p>Casos desse tipo seguem ritos legais que garantem <strong>direito \u00e0 defesa e an\u00e1lise t\u00e9cnica<\/strong>, sendo conduzidos por \u00f3rg\u00e3os competentes dentro da estrutura do Estado.<\/p>\n<p>A iniciativa refor\u00e7a a import\u00e2ncia de mecanismos de controle na administra\u00e7\u00e3o p\u00fablica e o papel de processos disciplinares na responsabiliza\u00e7\u00e3o de servidores quando h\u00e1 comprova\u00e7\u00e3o de irregularidades.<\/p>\n<p><strong>HostingPRESS Ag\u00eancia de Not\u00edcias de S\u00e3o Paulo<\/strong><br \/>Conte\u00fado distribu\u00eddo por nossa Central de Jornalismo<br \/>Reprodu\u00e7\u00e3o autorizada mediante cr\u00e9dito da fonte<\/p>\n<p>Portal criado para conectar os leitores da regi\u00e3o ao melhor conte\u00fado<\/p>\n<p>Somos l\u00edderes de audi\u00eancia local. Somos sociais.\u00a0Conecte-se conosco.<\/p>\n<\/p><\/div>\n<section>  \t<img alt=\"Avatar photo\" src=\"https:\/\/hostingpress.com.br\/wp-content\/uploads\/2026\/03\/cropped-Divilgacao-95x95.jpeg\"  height=\"95\" width=\"95\" decoding=\"async\">\t \t<\/p>\n<div>\n<p>Vinicius Moror\u00f3<\/p>\n<p>Editor-Executivo-Regional | Jornalista | Diretor Editorial    Editor-Executivo-Regional da HostingPress Ag\u00eancia de Not\u00edcias de S\u00e3o Paulo, com atua\u00e7\u00e3o voltada \u00e0 coordena\u00e7\u00e3o editorial regional, articula\u00e7\u00e3o com ve\u00edculos parceiros e fortalecimento da distribui\u00e7\u00e3o de conte\u00fado jornal\u00edstico no Estado de S\u00e3o Paulo.      Editor-chefe do Jornal Impacto Cotia, com foco em jornalismo investigativo, interesse p\u00fablico e an\u00e1lise cr\u00edtica de temas pol\u00edticos, sociais e institucionais.<\/p>\n<\/p><\/div>\n<\/section>\n","protected":false},"excerpt":{"rendered":"<p>Medida faz parte de estrat\u00e9gia de controle interno e apura\u00e7\u00e3o de condutas na administra\u00e7\u00e3o p\u00fablica O Governo do Estado de S\u00e3o Paulo anunciou a demiss\u00e3o de auditores fiscais como parte de um conjunto de a\u00e7\u00f5es voltadas ao combate a irregularidades na administra\u00e7\u00e3o p\u00fablica. A medida integra iniciativas de controle interno e responsabiliza\u00e7\u00e3o de agentes p\u00fablicos.<\/p>\n","protected":false},"author":808,"featured_media":156490,"comment_status":"closed","ping_status":"closed","sticky":false,"template":"","format":"standard","meta":{"footnotes":""},"categories":[33],"tags":[],"class_list":{"0":"post-156489","1":"post","2":"type-post","3":"status-publish","4":"format-standard","5":"has-post-thumbnail","7":"category-politica"},"_links":{"self":[{"href":"https:\/\/obuxixeiro.com.br\/index.php?rest_route=\/wp\/v2\/posts\/156489","targetHints":{"allow":["GET"]}}],"collection":[{"href":"https:\/\/obuxixeiro.com.br\/index.php?rest_route=\/wp\/v2\/posts"}],"about":[{"href":"https:\/\/obuxixeiro.com.br\/index.php?rest_route=\/wp\/v2\/types\/post"}],"author":[{"embeddable":true,"href":"https:\/\/obuxixeiro.com.br\/index.php?rest_route=\/wp\/v2\/users\/808"}],"replies":[{"embeddable":true,"href":"https:\/\/obuxixeiro.com.br\/index.php?rest_route=%2Fwp%2Fv2%2Fcomments&post=156489"}],"version-history":[{"count":0,"href":"https:\/\/obuxixeiro.com.br\/index.php?rest_route=\/wp\/v2\/posts\/156489\/revisions"}],"wp:featuredmedia":[{"embeddable":true,"href":"https:\/\/obuxixeiro.com.br\/index.php?rest_route=\/wp\/v2\/media\/156490"}],"wp:attachment":[{"href":"https:\/\/obuxixeiro.com.br\/index.php?rest_route=%2Fwp%2Fv2%2Fmedia&parent=156489"}],"wp:term":[{"taxonomy":"category","embeddable":true,"href":"https:\/\/obuxixeiro.com.br\/index.php?rest_route=%2Fwp%2Fv2%2Fcategories&post=156489"},{"taxonomy":"post_tag","embeddable":true,"href":"https:\/\/obuxixeiro.com.br\/index.php?rest_route=%2Fwp%2Fv2%2Ftags&post=156489"}],"curies":[{"name":"wp","href":"https:\/\/api.w.org\/{rel}","templated":true}]}}