{"id":156491,"date":"2026-04-30T04:47:03","date_gmt":"2026-04-30T07:47:03","guid":{"rendered":"https:\/\/obuxixeiro.com.br\/?p=156491"},"modified":"2026-04-30T04:47:03","modified_gmt":"2026-04-30T07:47:03","slug":"confira-o-funcionamento-dos-servicos-estaduais-em-sp-no-feriado-de-1o-de-maio","status":"publish","type":"post","link":"https:\/\/obuxixeiro.com.br\/?p=156491","title":{"rendered":"Confira o funcionamento dos servi\u00e7os estaduais em SP no feriado de 1\u00ba de maio"},"content":{"rendered":"\n<div>\n<p><strong>\u00d3rg\u00e3os p\u00fablicos ter\u00e3o altera\u00e7\u00f5es no atendimento durante o Dia do Trabalho<\/strong><\/p>\n<p>O Governo do Estado de S\u00e3o Paulo divulgou como ser\u00e1 o funcionamento dos servi\u00e7os p\u00fablicos estaduais durante o feriado de <strong>1\u00ba de maio, Dia do Trabalho<\/strong>, com mudan\u00e7as no atendimento em diferentes \u00e1reas.<\/p>\n<p>Segundo as informa\u00e7\u00f5es oficiais, reparti\u00e7\u00f5es p\u00fablicas administrativas ter\u00e3o <strong>suspens\u00e3o do atendimento presencial<\/strong>, retomando as atividades em dias \u00fateis posteriores. J\u00e1 servi\u00e7os considerados essenciais devem operar normalmente, garantindo <strong>atendimento \u00e0 popula\u00e7\u00e3o<\/strong>.<\/p>\n<p>Na \u00e1rea da sa\u00fade, unidades como hospitais e prontos-socorros mant\u00eam funcionamento regular, enquanto outros servi\u00e7os podem operar em regime de plant\u00e3o. O transporte p\u00fablico e demais servi\u00e7os de mobilidade seguem <strong>programa\u00e7\u00e3o espec\u00edfica de feriado<\/strong>, com poss\u00edveis ajustes na oferta.<\/p>\n<p>Equipamentos culturais e de lazer podem ter <strong>hor\u00e1rios diferenciados ou funcionamento condicionado<\/strong>, sendo recomendada a consulta pr\u00e9via nos canais oficiais antes do deslocamento.<\/p>\n<p>O funcionamento de servi\u00e7os como Poupatempo e outros atendimentos presenciais pode sofrer altera\u00e7\u00f5es, exigindo <strong>verifica\u00e7\u00e3o antecipada de hor\u00e1rios e disponibilidade<\/strong> por parte dos usu\u00e1rios.<\/p>\n<p>A orienta\u00e7\u00e3o geral \u00e9 que a popula\u00e7\u00e3o se informe previamente para evitar transtornos, especialmente em servi\u00e7os que dependem de agendamento ou funcionamento presencial.<\/p>\n<p>O feriado do Dia do Trabalho impacta diretamente a rotina de servi\u00e7os p\u00fablicos, exigindo planejamento por parte dos cidad\u00e3os que precisam de atendimento durante o per\u00edodo.<\/p>\n<p><strong>HostingPRESS Ag\u00eancia de Not\u00edcias de S\u00e3o Paulo<\/strong><br \/>Conte\u00fado distribu\u00eddo por nossa Central de Jornalismo<br \/>Reprodu\u00e7\u00e3o autorizada mediante cr\u00e9dito da fonte<\/p>\n<p>Portal criado para conectar os leitores da regi\u00e3o ao melhor conte\u00fado<\/p>\n<p>Somos l\u00edderes de audi\u00eancia local. Somos sociais.\u00a0Conecte-se conosco.<\/p>\n<\/p><\/div>\n<section>  \t<img alt=\"Avatar photo\" src=\"https:\/\/hostingpress.com.br\/wp-content\/uploads\/2026\/03\/cropped-Divilgacao-95x95.jpeg\"  height=\"95\" width=\"95\" decoding=\"async\">\t \t<\/p>\n<div>\n<p>Vinicius Moror\u00f3<\/p>\n<p>Editor-Executivo-Regional | Jornalista | Diretor Editorial    Editor-Executivo-Regional da HostingPress Ag\u00eancia de Not\u00edcias de S\u00e3o Paulo, com atua\u00e7\u00e3o voltada \u00e0 coordena\u00e7\u00e3o editorial regional, articula\u00e7\u00e3o com ve\u00edculos parceiros e fortalecimento da distribui\u00e7\u00e3o de conte\u00fado jornal\u00edstico no Estado de S\u00e3o Paulo.      Editor-chefe do Jornal Impacto Cotia, com foco em jornalismo investigativo, interesse p\u00fablico e an\u00e1lise cr\u00edtica de temas pol\u00edticos, sociais e institucionais.<\/p>\n<\/p><\/div>\n<\/section>\n","protected":false},"excerpt":{"rendered":"<p>\u00d3rg\u00e3os p\u00fablicos ter\u00e3o altera\u00e7\u00f5es no atendimento durante o Dia do Trabalho O Governo do Estado de S\u00e3o Paulo divulgou como ser\u00e1 o funcionamento dos servi\u00e7os p\u00fablicos estaduais durante o feriado de 1\u00ba de maio, Dia do Trabalho, com mudan\u00e7as no atendimento em diferentes \u00e1reas. Segundo as informa\u00e7\u00f5es oficiais, reparti\u00e7\u00f5es p\u00fablicas administrativas ter\u00e3o suspens\u00e3o do atendimento<\/p>\n","protected":false},"author":808,"featured_media":156492,"comment_status":"closed","ping_status":"closed","sticky":false,"template":"","format":"standard","meta":{"footnotes":""},"categories":[38],"tags":[],"class_list":{"0":"post-156491","1":"post","2":"type-post","3":"status-publish","4":"format-standard","5":"has-post-thumbnail","7":"category-economia"},"_links":{"self":[{"href":"https:\/\/obuxixeiro.com.br\/index.php?rest_route=\/wp\/v2\/posts\/156491","targetHints":{"allow":["GET"]}}],"collection":[{"href":"https:\/\/obuxixeiro.com.br\/index.php?rest_route=\/wp\/v2\/posts"}],"about":[{"href":"https:\/\/obuxixeiro.com.br\/index.php?rest_route=\/wp\/v2\/types\/post"}],"author":[{"embeddable":true,"href":"https:\/\/obuxixeiro.com.br\/index.php?rest_route=\/wp\/v2\/users\/808"}],"replies":[{"embeddable":true,"href":"https:\/\/obuxixeiro.com.br\/index.php?rest_route=%2Fwp%2Fv2%2Fcomments&post=156491"}],"version-history":[{"count":0,"href":"https:\/\/obuxixeiro.com.br\/index.php?rest_route=\/wp\/v2\/posts\/156491\/revisions"}],"wp:featuredmedia":[{"embeddable":true,"href":"https:\/\/obuxixeiro.com.br\/index.php?rest_route=\/wp\/v2\/media\/156492"}],"wp:attachment":[{"href":"https:\/\/obuxixeiro.com.br\/index.php?rest_route=%2Fwp%2Fv2%2Fmedia&parent=156491"}],"wp:term":[{"taxonomy":"category","embeddable":true,"href":"https:\/\/obuxixeiro.com.br\/index.php?rest_route=%2Fwp%2Fv2%2Fcategories&post=156491"},{"taxonomy":"post_tag","embeddable":true,"href":"https:\/\/obuxixeiro.com.br\/index.php?rest_route=%2Fwp%2Fv2%2Ftags&post=156491"}],"curies":[{"name":"wp","href":"https:\/\/api.w.org\/{rel}","templated":true}]}}