{"id":156637,"date":"2026-05-01T13:43:41","date_gmt":"2026-05-01T16:43:41","guid":{"rendered":"https:\/\/obuxixeiro.com.br\/?p=156637"},"modified":"2026-05-01T13:43:41","modified_gmt":"2026-05-01T16:43:41","slug":"governo-de-sp-amplia-capacitacao-de-detentos-e-fortalece-producao-artesanal-no-sistema-prisional","status":"publish","type":"post","link":"https:\/\/obuxixeiro.com.br\/?p=156637","title":{"rendered":"Governo de SP amplia capacita\u00e7\u00e3o de detentos e fortalece produ\u00e7\u00e3o artesanal no sistema prisional"},"content":{"rendered":"\n<div>\n<p><strong>Programa estadual oferece qualifica\u00e7\u00e3o profissional a reeducandos e impulsiona reinser\u00e7\u00e3o no mercado de trabalho<\/strong><\/p>\n<p>O Governo do Estado de S\u00e3o Paulo est\u00e1 ampliando a\u00e7\u00f5es de capacita\u00e7\u00e3o profissional voltadas a reeducandos do sistema prisional, com foco na produ\u00e7\u00e3o artesanal. A iniciativa busca qualificar detentos para o mercado de trabalho e incentivar a gera\u00e7\u00e3o de renda durante e ap\u00f3s o cumprimento de pena.<\/p>\n<p>O programa \u00e9 desenvolvido em unidades prisionais administradas pela Secretaria da Administra\u00e7\u00e3o Penitenci\u00e1ria de S\u00e3o Paulo e inclui cursos pr\u00e1ticos de artesanato, que v\u00e3o desde t\u00e9cnicas b\u00e1sicas at\u00e9 a produ\u00e7\u00e3o de pe\u00e7as com valor comercial.<\/p>\n<p>Entre as atividades oferecidas est\u00e3o:<\/p>\n<ul>\n<li>confec\u00e7\u00e3o de itens decorativos<\/li>\n<li>produ\u00e7\u00e3o de pe\u00e7as utilit\u00e1rias<\/li>\n<li>trabalhos com madeira, tecido e materiais recicl\u00e1veis<\/li>\n<\/ul>\n<p>Os produtos podem ser destinados a feiras, exposi\u00e7\u00f5es e iniciativas institucionais, contribuindo para a valoriza\u00e7\u00e3o do trabalho manual e para a ocupa\u00e7\u00e3o produtiva dos internos.<\/p>\n<p>De acordo com a Secretaria da Administra\u00e7\u00e3o Penitenci\u00e1ria de S\u00e3o Paulo, a capacita\u00e7\u00e3o tem como objetivo reduzir a reincid\u00eancia criminal por meio da qualifica\u00e7\u00e3o profissional e da cria\u00e7\u00e3o de oportunidades de reinser\u00e7\u00e3o social.<\/p>\n<p><strong>Foco na reintegra\u00e7\u00e3o social<\/strong><\/p>\n<p>A pol\u00edtica p\u00fablica aposta na profissionaliza\u00e7\u00e3o como ferramenta de transforma\u00e7\u00e3o:<\/p>\n<p>\u2714\ufe0f desenvolvimento de habilidades pr\u00e1ticas<br \/>\u2714\ufe0f est\u00edmulo \u00e0 disciplina e \u00e0 rotina produtiva<br \/>\u2714\ufe0f gera\u00e7\u00e3o de renda dentro do sistema prisional<\/p>\n<p>A oferta de cursos profissionalizantes no sistema prisional est\u00e1 alinhada \u00e0 Lei de Execu\u00e7\u00e3o Penal, que prev\u00ea a educa\u00e7\u00e3o e o trabalho como instrumentos de ressocializa\u00e7\u00e3o.<\/p>\n<p>Especialistas em pol\u00edticas p\u00fablicas apontam que programas de capacita\u00e7\u00e3o reduzem significativamente os \u00edndices de reincid\u00eancia, ao ampliar as chances de inser\u00e7\u00e3o no mercado formal ap\u00f3s o cumprimento da pena.<\/p>\n<p>Em S\u00e3o Paulo, maior sistema prisional do pa\u00eds, iniciativas desse tipo t\u00eam impacto direto na seguran\u00e7a p\u00fablica e na economia. A qualifica\u00e7\u00e3o de reeducandos contribui para a forma\u00e7\u00e3o de m\u00e3o de obra e reduz a press\u00e3o sobre pol\u00edticas sociais e de seguran\u00e7a no estado.<\/p>\n<p>A capital e a Regi\u00e3o Metropolitana concentram grande demanda por trabalhadores em setores que valorizam habilidades manuais, o que amplia o potencial de absor\u00e7\u00e3o desses profissionais.<\/p>\n<p>Empresas e institui\u00e7\u00f5es interessadas em apoiar ou participar de iniciativas de ressocializa\u00e7\u00e3o podem:<\/p>\n<p>\u2714\ufe0f buscar parcerias com a Secretaria da Administra\u00e7\u00e3o Penitenci\u00e1ria de S\u00e3o Paulo<br \/>\u2714\ufe0f participar de programas de contrata\u00e7\u00e3o de egressos do sistema prisional<br \/>\u2714\ufe0f apoiar projetos sociais voltados \u00e0 qualifica\u00e7\u00e3o profissional<\/p>\n<p>Informa\u00e7\u00f5es tamb\u00e9m podem ser obtidas junto ao Governo do Estado de S\u00e3o Paulo.<\/p>\n<p>A amplia\u00e7\u00e3o da capacita\u00e7\u00e3o artesanal no sistema prisional paulista refor\u00e7a a estrat\u00e9gia de ressocializa\u00e7\u00e3o por meio do trabalho. A iniciativa combina qualifica\u00e7\u00e3o, gera\u00e7\u00e3o de renda e redu\u00e7\u00e3o da reincid\u00eancia, com impactos diretos na seguran\u00e7a e na economia do estado.<\/p>\n<p><strong>Editor-Executivo-Regional:<\/strong><br \/><strong>Vinicius Moror\u00f3 \u2013 Jornalista At\u00edpico<\/strong><\/p>\n<p><strong>HostingPRESS Ag\u00eancia de Not\u00edcias de S\u00e3o Paulo<\/strong><br \/>Conte\u00fado distribu\u00eddo por nossa Central de Jornalismo<br \/>Reprodu\u00e7\u00e3o autorizada mediante cr\u00e9dito da fonte<br \/>Portal criado para conectar os leitores da regi\u00e3o ao melhor conte\u00fado<br \/>Somos l\u00edderes de audi\u00eancia local. Somos sociais.\u00a0Conecte-se conosco.<\/p>\n<\/p><\/div>\n<section>  \t<img alt=\"Avatar photo\" src=\"https:\/\/hostingpress.com.br\/wp-content\/uploads\/2026\/03\/cropped-Divilgacao-95x95.jpeg\"  height=\"95\" width=\"95\" decoding=\"async\">\t \t<\/p>\n<div>\n<p>Vinicius Moror\u00f3<\/p>\n<p>Editor-Executivo-Regional | Jornalista | Diretor Editorial    Editor-Executivo-Regional da HostingPress Ag\u00eancia de Not\u00edcias de S\u00e3o Paulo, com atua\u00e7\u00e3o voltada \u00e0 coordena\u00e7\u00e3o editorial regional, articula\u00e7\u00e3o com ve\u00edculos parceiros e fortalecimento da distribui\u00e7\u00e3o de conte\u00fado jornal\u00edstico no Estado de S\u00e3o Paulo.      Editor-chefe do Jornal Impacto Cotia, com foco em jornalismo investigativo, interesse p\u00fablico e an\u00e1lise cr\u00edtica de temas pol\u00edticos, sociais e institucionais.<\/p>\n<\/p><\/div>\n<\/section>\n","protected":false},"excerpt":{"rendered":"<p>Programa estadual oferece qualifica\u00e7\u00e3o profissional a reeducandos e impulsiona reinser\u00e7\u00e3o no mercado de trabalho O Governo do Estado de S\u00e3o Paulo est\u00e1 ampliando a\u00e7\u00f5es de capacita\u00e7\u00e3o profissional voltadas a reeducandos do sistema prisional, com foco na produ\u00e7\u00e3o artesanal. A iniciativa busca qualificar detentos para o mercado de trabalho e incentivar a gera\u00e7\u00e3o de renda durante<\/p>\n","protected":false},"author":808,"featured_media":156638,"comment_status":"closed","ping_status":"closed","sticky":false,"template":"","format":"standard","meta":{"footnotes":""},"categories":[35],"tags":[],"class_list":{"0":"post-156637","1":"post","2":"type-post","3":"status-publish","4":"format-standard","5":"has-post-thumbnail","7":"category-cidades"},"_links":{"self":[{"href":"https:\/\/obuxixeiro.com.br\/index.php?rest_route=\/wp\/v2\/posts\/156637","targetHints":{"allow":["GET"]}}],"collection":[{"href":"https:\/\/obuxixeiro.com.br\/index.php?rest_route=\/wp\/v2\/posts"}],"about":[{"href":"https:\/\/obuxixeiro.com.br\/index.php?rest_route=\/wp\/v2\/types\/post"}],"author":[{"embeddable":true,"href":"https:\/\/obuxixeiro.com.br\/index.php?rest_route=\/wp\/v2\/users\/808"}],"replies":[{"embeddable":true,"href":"https:\/\/obuxixeiro.com.br\/index.php?rest_route=%2Fwp%2Fv2%2Fcomments&post=156637"}],"version-history":[{"count":0,"href":"https:\/\/obuxixeiro.com.br\/index.php?rest_route=\/wp\/v2\/posts\/156637\/revisions"}],"wp:featuredmedia":[{"embeddable":true,"href":"https:\/\/obuxixeiro.com.br\/index.php?rest_route=\/wp\/v2\/media\/156638"}],"wp:attachment":[{"href":"https:\/\/obuxixeiro.com.br\/index.php?rest_route=%2Fwp%2Fv2%2Fmedia&parent=156637"}],"wp:term":[{"taxonomy":"category","embeddable":true,"href":"https:\/\/obuxixeiro.com.br\/index.php?rest_route=%2Fwp%2Fv2%2Fcategories&post=156637"},{"taxonomy":"post_tag","embeddable":true,"href":"https:\/\/obuxixeiro.com.br\/index.php?rest_route=%2Fwp%2Fv2%2Ftags&post=156637"}],"curies":[{"name":"wp","href":"https:\/\/api.w.org\/{rel}","templated":true}]}}