{"id":156707,"date":"2026-05-01T23:56:00","date_gmt":"2026-05-02T02:56:00","guid":{"rendered":"https:\/\/obuxixeiro.com.br\/?p=156707"},"modified":"2026-05-01T23:56:00","modified_gmt":"2026-05-02T02:56:00","slug":"fab-investiga-aproximacao-critica-entre-avioes-no-espaco-aereo-de-sao-paulo","status":"publish","type":"post","link":"https:\/\/obuxixeiro.com.br\/?p=156707","title":{"rendered":"FAB investiga aproxima\u00e7\u00e3o cr\u00edtica entre avi\u00f5es no espa\u00e7o a\u00e9reo de S\u00e3o Paulo"},"content":{"rendered":"\n<div>\n<p><strong>Aeronaves ficaram a poucos metros de dist\u00e2ncia e caso \u00e9 apurado pelo \u00f3rg\u00e3o respons\u00e1vel pelo controle do tr\u00e1fego a\u00e9reo<\/strong><\/p>\n<p>A For\u00e7a A\u00e9rea Brasileira abriu investiga\u00e7\u00e3o para apurar a aproxima\u00e7\u00e3o entre duas aeronaves que ficaram a poucos metros de dist\u00e2ncia no espa\u00e7o a\u00e9reo da Regi\u00e3o Metropolitana de S\u00e3o Paulo. O epis\u00f3dio foi registrado recentemente e est\u00e1 sob an\u00e1lise do sistema de controle de tr\u00e1fego a\u00e9reo.<\/p>\n<p>Segundo informa\u00e7\u00f5es iniciais, as aeronaves envolvidas operavam em rotas pr\u00f3ximas quando ocorreu a aproxima\u00e7\u00e3o considerada cr\u00edtica pelos padr\u00f5es de seguran\u00e7a da avia\u00e7\u00e3o. O caso est\u00e1 sendo analisado pelo Departamento de Controle do Espa\u00e7o A\u00e9reo (DECEA), respons\u00e1vel pela gest\u00e3o do tr\u00e1fego a\u00e9reo no pa\u00eds.<\/p>\n<p>A apura\u00e7\u00e3o busca identificar:<\/p>\n<ul>\n<li>a dist\u00e2ncia exata entre as aeronaves no momento do ocorrido<\/li>\n<li>eventuais falhas de comunica\u00e7\u00e3o entre pilotos e controle<\/li>\n<li>poss\u00edveis desvios de rota ou procedimentos operacionais<\/li>\n<\/ul>\n<p>Apesar da proximidade, n\u00e3o houve colis\u00e3o nem registro de feridos.<\/p>\n<p>A For\u00e7a A\u00e9rea Brasileira informou que situa\u00e7\u00f5es desse tipo s\u00e3o tratadas com rigor t\u00e9cnico e que a investiga\u00e7\u00e3o segue protocolos internacionais de seguran\u00e7a da avia\u00e7\u00e3o.<\/p>\n<p><strong>Protocolos de seguran\u00e7a na avia\u00e7\u00e3o<\/strong><\/p>\n<p>O controle de tr\u00e1fego a\u00e9reo adota padr\u00f5es r\u00edgidos para evitar riscos de colis\u00e3o:<\/p>\n<p>\u2714\ufe0f separa\u00e7\u00e3o m\u00ednima obrigat\u00f3ria entre aeronaves<br \/>\u2714\ufe0f monitoramento constante por radares<br \/>\u2714\ufe0f comunica\u00e7\u00e3o cont\u00ednua com pilotos<\/p>\n<p>Qualquer ocorr\u00eancia fora desses par\u00e2metros \u00e9 classificada e investigada.<\/p>\n<p>Casos de aproxima\u00e7\u00e3o indevida, conhecidos como \u201closs of separation\u201d, s\u00e3o eventos raros, mas monitorados com aten\u00e7\u00e3o por autoridades aeron\u00e1uticas. A an\u00e1lise desses epis\u00f3dios \u00e9 fundamental para aprimorar procedimentos e evitar incidentes mais graves.<\/p>\n<p>Especialistas em avia\u00e7\u00e3o destacam que o sistema brasileiro \u00e9 considerado seguro e segue normas internacionais estabelecidas por \u00f3rg\u00e3os como a Organiza\u00e7\u00e3o da Avia\u00e7\u00e3o Civil Internacional (OACI).<\/p>\n<p>A Regi\u00e3o Metropolitana de S\u00e3o Paulo concentra um dos espa\u00e7os a\u00e9reos mais movimentados da Am\u00e9rica Latina, com opera\u00e7\u00f5es intensas nos aeroportos de Aeroporto de Congonhas e Aeroporto Internacional de S\u00e3o Paulo\/Guarulhos.<\/p>\n<p>O alto volume de voos exige coordena\u00e7\u00e3o precisa entre controladores e pilotos, o que torna qualquer ocorr\u00eancia de aproxima\u00e7\u00e3o um evento relevante para a seguran\u00e7a operacional.<\/p>\n<p><strong>SERVI\u00c7O AO LEITOR<\/strong><\/p>\n<p>Para passageiros, situa\u00e7\u00f5es como essa n\u00e3o exigem a\u00e7\u00e3o direta, mas especialistas orientam:<\/p>\n<p>\u2714\ufe0f acompanhar informa\u00e7\u00f5es por canais oficiais das companhias a\u00e9reas<br \/>\u2714\ufe0f manter aten\u00e7\u00e3o a comunicados de seguran\u00e7a<br \/>\u2714\ufe0f seguir orienta\u00e7\u00f5es da tripula\u00e7\u00e3o durante voos<\/p>\n<p>D\u00favidas podem ser esclarecidas junto \u00e0s companhias a\u00e9reas ou \u00f3rg\u00e3os reguladores.<\/p>\n<p>A investiga\u00e7\u00e3o conduzida pela For\u00e7a A\u00e9rea Brasileira busca esclarecer as circunst\u00e2ncias da aproxima\u00e7\u00e3o entre aeronaves em S\u00e3o Paulo. O caso refor\u00e7a a import\u00e2ncia dos protocolos de seguran\u00e7a em um dos espa\u00e7os a\u00e9reos mais movimentados do pa\u00eds.<\/p>\n<p><strong>Editor-Executivo-Regional:<\/strong><br \/><strong>Vinicius Moror\u00f3 \u2013 Jornalista At\u00edpico<\/strong><\/p>\n<p><strong>HostingPRESS Ag\u00eancia de Not\u00edcias de S\u00e3o Paulo<\/strong><br \/>Conte\u00fado distribu\u00eddo por nossa Central de Jornalismo<br \/>Reprodu\u00e7\u00e3o autorizada mediante cr\u00e9dito da fonte<\/p>\n<p>Portal criado para conectar os leitores da regi\u00e3o ao melhor conte\u00fado<\/p>\n<p>Somos l\u00edderes de audi\u00eancia local. Somos sociais.\u00a0Conecte-se conosco.<\/p>\n<\/p><\/div>\n<section>  \t<img alt=\"Avatar photo\" src=\"https:\/\/hostingpress.com.br\/wp-content\/uploads\/2026\/03\/cropped-Divilgacao-95x95.jpeg\"  height=\"95\" width=\"95\" decoding=\"async\">\t \t<\/p>\n<div>\n<p>Vinicius Moror\u00f3<\/p>\n<p>Editor-Executivo-Regional | Jornalista | Diretor Editorial    Editor-Executivo-Regional da HostingPress Ag\u00eancia de Not\u00edcias de S\u00e3o Paulo, com atua\u00e7\u00e3o voltada \u00e0 coordena\u00e7\u00e3o editorial regional, articula\u00e7\u00e3o com ve\u00edculos parceiros e fortalecimento da distribui\u00e7\u00e3o de conte\u00fado jornal\u00edstico no Estado de S\u00e3o Paulo.      Editor-chefe do Jornal Impacto Cotia, com foco em jornalismo investigativo, interesse p\u00fablico e an\u00e1lise cr\u00edtica de temas pol\u00edticos, sociais e institucionais.<\/p>\n<\/p><\/div>\n<\/section>\n","protected":false},"excerpt":{"rendered":"<p>Aeronaves ficaram a poucos metros de dist\u00e2ncia e caso \u00e9 apurado pelo \u00f3rg\u00e3o respons\u00e1vel pelo controle do tr\u00e1fego a\u00e9reo A For\u00e7a A\u00e9rea Brasileira abriu investiga\u00e7\u00e3o para apurar a aproxima\u00e7\u00e3o entre duas aeronaves que ficaram a poucos metros de dist\u00e2ncia no espa\u00e7o a\u00e9reo da Regi\u00e3o Metropolitana de S\u00e3o Paulo. O epis\u00f3dio foi registrado recentemente e est\u00e1<\/p>\n","protected":false},"author":808,"featured_media":156708,"comment_status":"closed","ping_status":"closed","sticky":false,"template":"","format":"standard","meta":{"footnotes":""},"categories":[79,1],"tags":[],"class_list":{"0":"post-156707","1":"post","2":"type-post","3":"status-publish","4":"format-standard","5":"has-post-thumbnail","7":"category-destaque-nacional","8":"category-todas-noticias"},"_links":{"self":[{"href":"https:\/\/obuxixeiro.com.br\/index.php?rest_route=\/wp\/v2\/posts\/156707","targetHints":{"allow":["GET"]}}],"collection":[{"href":"https:\/\/obuxixeiro.com.br\/index.php?rest_route=\/wp\/v2\/posts"}],"about":[{"href":"https:\/\/obuxixeiro.com.br\/index.php?rest_route=\/wp\/v2\/types\/post"}],"author":[{"embeddable":true,"href":"https:\/\/obuxixeiro.com.br\/index.php?rest_route=\/wp\/v2\/users\/808"}],"replies":[{"embeddable":true,"href":"https:\/\/obuxixeiro.com.br\/index.php?rest_route=%2Fwp%2Fv2%2Fcomments&post=156707"}],"version-history":[{"count":0,"href":"https:\/\/obuxixeiro.com.br\/index.php?rest_route=\/wp\/v2\/posts\/156707\/revisions"}],"wp:featuredmedia":[{"embeddable":true,"href":"https:\/\/obuxixeiro.com.br\/index.php?rest_route=\/wp\/v2\/media\/156708"}],"wp:attachment":[{"href":"https:\/\/obuxixeiro.com.br\/index.php?rest_route=%2Fwp%2Fv2%2Fmedia&parent=156707"}],"wp:term":[{"taxonomy":"category","embeddable":true,"href":"https:\/\/obuxixeiro.com.br\/index.php?rest_route=%2Fwp%2Fv2%2Fcategories&post=156707"},{"taxonomy":"post_tag","embeddable":true,"href":"https:\/\/obuxixeiro.com.br\/index.php?rest_route=%2Fwp%2Fv2%2Ftags&post=156707"}],"curies":[{"name":"wp","href":"https:\/\/api.w.org\/{rel}","templated":true}]}}