{"id":156713,"date":"2026-05-01T23:22:00","date_gmt":"2026-05-02T02:22:00","guid":{"rendered":"https:\/\/obuxixeiro.com.br\/?p=156713"},"modified":"2026-05-01T23:22:00","modified_gmt":"2026-05-02T02:22:00","slug":"governo-de-sp-envia-ldo-2027-a-alesp-com-previsao-de-r-3714-bilhoes-em-receita","status":"publish","type":"post","link":"https:\/\/obuxixeiro.com.br\/?p=156713","title":{"rendered":"Governo de SP envia LDO 2027 \u00e0 Alesp com previs\u00e3o de R$ 371,4 bilh\u00f5es em receita"},"content":{"rendered":"\n<div>\n<p><strong>Proposta define metas fiscais, prioridades do Estado e orienta a elabora\u00e7\u00e3o do or\u00e7amento paulista do pr\u00f3ximo ano<\/strong><\/p>\n<p>O Governo de S\u00e3o Paulo encaminhou \u00e0 Assembleia Legislativa do Estado de S\u00e3o Paulo (Alesp), na quinta-feira, 30 de abril de 2026, o Projeto de Lei de Diretrizes Or\u00e7ament\u00e1rias (LDO) para 2027. A proposta estabelece metas, prioridades e regras para equilibrar receitas e despesas do or\u00e7amento estadual do pr\u00f3ximo ano.<\/p>\n<p>O projeto da LDO 2027 foi enviado pelo governador Tarc\u00edsio de Freitas e agora ser\u00e1 analisado pelos deputados estaduais. O texto orienta a elabora\u00e7\u00e3o da Lei Or\u00e7ament\u00e1ria Anual (LOA) de 2027 e define crit\u00e9rios para execu\u00e7\u00e3o das pol\u00edticas p\u00fablicas do Estado.<\/p>\n<p>A proposta \u00e9 dividida em duas partes: a primeira re\u00fane os artigos da lei; a segunda apresenta os anexos de Metas e Proje\u00e7\u00f5es Fiscais e de Riscos Fiscais.<\/p>\n<p>No anexo de Metas Fiscais, a receita fiscal prim\u00e1ria para 2027 est\u00e1 estimada em <strong>R$ 371,4 bilh\u00f5es<\/strong>, enquanto as despesas previstas somam <strong>R$ 365,9 bilh\u00f5es<\/strong>. O documento tamb\u00e9m apresenta proje\u00e7\u00f5es para o per\u00edodo de 2026 a 2029 e informa\u00e7\u00f5es sobre patrim\u00f4nio l\u00edquido, aliena\u00e7\u00e3o de ativos, ren\u00fancia fiscal e previd\u00eancia dos servidores estaduais.<\/p>\n<p><strong>Tramita\u00e7\u00e3o na Alesp<\/strong><\/p>\n<p>O projeto ficar\u00e1 em pauta por 15 dias para an\u00e1lise dos parlamentares e apresenta\u00e7\u00e3o de emendas. Depois, seguir\u00e1 para a Comiss\u00e3o de Finan\u00e7as, Or\u00e7amento e Planejamento (CFOP) da Alesp e, se aprovado, poder\u00e1 ser votado em plen\u00e1rio.<br \/>\u2714\ufe0f Deputados analisam o texto<br \/>\u2714\ufe0f Parlamentares podem apresentar emendas<br \/>\u2714\ufe0f Comiss\u00e3o de Finan\u00e7as avalia a proposta<br \/>\u2714\ufe0f Projeto pode seguir para vota\u00e7\u00e3o em plen\u00e1rio<\/p>\n<p>A LDO \u00e9 um dos principais instrumentos de planejamento p\u00fablico. Ela conecta o Plano Plurianual (PPA) \u00e0 Lei Or\u00e7ament\u00e1ria Anual e define par\u00e2metros para gastos, investimentos, d\u00edvida p\u00fablica, altera\u00e7\u00f5es tribut\u00e1rias e aplica\u00e7\u00e3o de recursos de fomento.<\/p>\n<div>\n<p>A proposta tamb\u00e9m foi precedida por consulta p\u00fablica da Secretaria da Fazenda e Planejamento do Estado de S\u00e3o Paulo (Sefaz-SP), realizada entre 2 e 29 de mar\u00e7o, com sugest\u00f5es da popula\u00e7\u00e3o sobre \u00e1reas como sa\u00fade, educa\u00e7\u00e3o, seguran\u00e7a p\u00fablica e desenvolvimento social.<\/p>\n<p>Embora tenha impacto em todo o estado, a tramita\u00e7\u00e3o ocorre na Alesp, na capital paulista, e influencia diretamente \u00e1reas essenciais para S\u00e3o Paulo, como transporte, sa\u00fade, seguran\u00e7a, educa\u00e7\u00e3o e infraestrutura. As diretrizes aprovadas servir\u00e3o de base para decis\u00f5es or\u00e7ament\u00e1rias que afetam servi\u00e7os p\u00fablicos usados diariamente pela popula\u00e7\u00e3o da capital, da Regi\u00e3o Metropolitana e do interior.<\/p>\n<\/div>\n<p><strong>SERVI\u00c7O AO LEITOR<\/strong><br \/>A popula\u00e7\u00e3o pode acompanhar a tramita\u00e7\u00e3o da LDO 2027 pelos canais oficiais da Alesp e pelos portais de transpar\u00eancia do Governo de S\u00e3o Paulo.<br \/>\u2714\ufe0f Consultar a tramita\u00e7\u00e3o no site da Alesp<br \/>\u2714\ufe0f Acompanhar audi\u00eancias p\u00fablicas sobre or\u00e7amento<br \/>\u2714\ufe0f Verificar relat\u00f3rios nos portais oficiais de transpar\u00eancia<br \/>\u2714\ufe0f Enviar sugest\u00f5es quando houver consultas p\u00fablicas abertas<\/p>\n<p>O envio da LDO 2027 marca o in\u00edcio da discuss\u00e3o formal sobre as prioridades financeiras do Estado para o pr\u00f3ximo ano. A proposta ainda passar\u00e1 por an\u00e1lise legislativa, apresenta\u00e7\u00e3o de emendas e vota\u00e7\u00e3o antes de orientar a elabora\u00e7\u00e3o do or\u00e7amento estadual de 2027.<\/p>\n<p><strong>Editor-Executivo-Regional:<\/strong><br \/><strong>Vinicius Moror\u00f3 \u2013 Jornalista At\u00edpico<\/strong><\/p>\n<p><strong>HostingPRESS Ag\u00eancia de Not\u00edcias de S\u00e3o Paulo<\/strong><br \/>Conte\u00fado distribu\u00eddo por nossa Central de Jornalismo<br \/>Reprodu\u00e7\u00e3o autorizada mediante cr\u00e9dito da fonte<\/p>\n<p>Portal criado para conectar os leitores da regi\u00e3o ao melhor conte\u00fado<\/p>\n<p>Somos l\u00edderes de audi\u00eancia local. Somos sociais.\u00a0Conecte-se conosco.<\/p>\n<\/p><\/div>\n<section>  \t<img alt=\"Avatar photo\" src=\"https:\/\/hostingpress.com.br\/wp-content\/uploads\/2026\/03\/cropped-Divilgacao-95x95.jpeg\"  height=\"95\" width=\"95\" decoding=\"async\">\t \t<\/p>\n<div>\n<p>Vinicius Moror\u00f3<\/p>\n<p>Editor-Executivo-Regional | Jornalista | Diretor Editorial    Editor-Executivo-Regional da HostingPress Ag\u00eancia de Not\u00edcias de S\u00e3o Paulo, com atua\u00e7\u00e3o voltada \u00e0 coordena\u00e7\u00e3o editorial regional, articula\u00e7\u00e3o com ve\u00edculos parceiros e fortalecimento da distribui\u00e7\u00e3o de conte\u00fado jornal\u00edstico no Estado de S\u00e3o Paulo.      Editor-chefe do Jornal Impacto Cotia, com foco em jornalismo investigativo, interesse p\u00fablico e an\u00e1lise cr\u00edtica de temas pol\u00edticos, sociais e institucionais.<\/p>\n<\/p><\/div>\n<\/section>\n","protected":false},"excerpt":{"rendered":"<p>Proposta define metas fiscais, prioridades do Estado e orienta a elabora\u00e7\u00e3o do or\u00e7amento paulista do pr\u00f3ximo ano O Governo de S\u00e3o Paulo encaminhou \u00e0 Assembleia Legislativa do Estado de S\u00e3o Paulo (Alesp), na quinta-feira, 30 de abril de 2026, o Projeto de Lei de Diretrizes Or\u00e7ament\u00e1rias (LDO) para 2027. A proposta estabelece metas, prioridades e<\/p>\n","protected":false},"author":808,"featured_media":156714,"comment_status":"closed","ping_status":"closed","sticky":false,"template":"","format":"standard","meta":{"footnotes":""},"categories":[32,1],"tags":[],"class_list":{"0":"post-156713","1":"post","2":"type-post","3":"status-publish","4":"format-standard","5":"has-post-thumbnail","7":"category-brasil","8":"category-todas-noticias"},"_links":{"self":[{"href":"https:\/\/obuxixeiro.com.br\/index.php?rest_route=\/wp\/v2\/posts\/156713","targetHints":{"allow":["GET"]}}],"collection":[{"href":"https:\/\/obuxixeiro.com.br\/index.php?rest_route=\/wp\/v2\/posts"}],"about":[{"href":"https:\/\/obuxixeiro.com.br\/index.php?rest_route=\/wp\/v2\/types\/post"}],"author":[{"embeddable":true,"href":"https:\/\/obuxixeiro.com.br\/index.php?rest_route=\/wp\/v2\/users\/808"}],"replies":[{"embeddable":true,"href":"https:\/\/obuxixeiro.com.br\/index.php?rest_route=%2Fwp%2Fv2%2Fcomments&post=156713"}],"version-history":[{"count":0,"href":"https:\/\/obuxixeiro.com.br\/index.php?rest_route=\/wp\/v2\/posts\/156713\/revisions"}],"wp:featuredmedia":[{"embeddable":true,"href":"https:\/\/obuxixeiro.com.br\/index.php?rest_route=\/wp\/v2\/media\/156714"}],"wp:attachment":[{"href":"https:\/\/obuxixeiro.com.br\/index.php?rest_route=%2Fwp%2Fv2%2Fmedia&parent=156713"}],"wp:term":[{"taxonomy":"category","embeddable":true,"href":"https:\/\/obuxixeiro.com.br\/index.php?rest_route=%2Fwp%2Fv2%2Fcategories&post=156713"},{"taxonomy":"post_tag","embeddable":true,"href":"https:\/\/obuxixeiro.com.br\/index.php?rest_route=%2Fwp%2Fv2%2Ftags&post=156713"}],"curies":[{"name":"wp","href":"https:\/\/api.w.org\/{rel}","templated":true}]}}