{"id":156777,"date":"2026-05-02T22:37:00","date_gmt":"2026-05-03T01:37:00","guid":{"rendered":"https:\/\/obuxixeiro.com.br\/?p=156777"},"modified":"2026-05-02T22:37:00","modified_gmt":"2026-05-03T01:37:00","slug":"sao-paulo-registra-r-15-bilhoes-em-intencoes-de-negocios-na-agrishow-2026","status":"publish","type":"post","link":"https:\/\/obuxixeiro.com.br\/?p=156777","title":{"rendered":"S\u00e3o Paulo registra R$ 15 bilh\u00f5es em inten\u00e7\u00f5es de neg\u00f3cios na Agrishow 2026"},"content":{"rendered":"\n<div>\n<p><strong>Balan\u00e7o do governo aponta crescimento nas negocia\u00e7\u00f5es e refor\u00e7a protagonismo do agro paulista<\/strong><\/p>\n<p>O Governo do Estado de S\u00e3o Paulo divulgou o balan\u00e7o da participa\u00e7\u00e3o na Agrishow 2026, realizada em Ribeir\u00e3o Preto, com cerca de <strong>R$ 15 bilh\u00f5es em inten\u00e7\u00f5es de neg\u00f3cios<\/strong>. O resultado consolida o evento como um dos principais do setor agropecu\u00e1rio na Am\u00e9rica Latina.<\/p>\n<p>A feira reuniu produtores, empresas, startups e institui\u00e7\u00f5es financeiras, com foco em tecnologia, inova\u00e7\u00e3o e financiamento para o agroneg\u00f3cio. O volume expressivo de negocia\u00e7\u00f5es reflete a demanda por moderniza\u00e7\u00e3o no campo e a expans\u00e3o do setor.<\/p>\n<p>Durante o evento, o estado apresentou programas voltados ao fortalecimento da produ\u00e7\u00e3o rural, com destaque para cr\u00e9dito, sustentabilidade e digitaliza\u00e7\u00e3o das atividades agr\u00edcolas.<\/p>\n<p>Entre os principais pontos do balan\u00e7o:<\/p>\n<ul>\n<li>volume bilion\u00e1rio em inten\u00e7\u00f5es de neg\u00f3cios<\/li>\n<li>presen\u00e7a de empresas nacionais e internacionais<\/li>\n<li>lan\u00e7amento de solu\u00e7\u00f5es tecnol\u00f3gicas para o campo<\/li>\n<\/ul>\n<p>A participa\u00e7\u00e3o institucional tamb\u00e9m incluiu atendimento direto a produtores e divulga\u00e7\u00e3o de pol\u00edticas p\u00fablicas voltadas ao setor.<\/p>\n<p>De acordo com o Governo do Estado de S\u00e3o Paulo, os resultados demonstram a for\u00e7a do agroneg\u00f3cio paulista e o papel estrat\u00e9gico da inova\u00e7\u00e3o no aumento da produtividade.<\/p>\n<p><strong>Evento impulsiona tecnologia no campo<\/strong><br \/>A Agrishow 2026 \u00e9 reconhecida por apresentar tend\u00eancias e solu\u00e7\u00f5es para o setor:<br \/>\u2714\ufe0f m\u00e1quinas agr\u00edcolas de alta performance<br \/>\u2714\ufe0f tecnologias de agricultura de precis\u00e3o<br \/>\u2714\ufe0f solu\u00e7\u00f5es sustent\u00e1veis de produ\u00e7\u00e3o<\/p>\n<p>O agroneg\u00f3cio \u00e9 um dos pilares da economia brasileira e tem papel relevante no desempenho econ\u00f4mico de S\u00e3o Paulo. Eventos como a Agrishow funcionam como vitrine para lan\u00e7amentos e fechamento de neg\u00f3cios, al\u00e9m de estimular investimentos.<\/p>\n<p>Especialistas do setor destacam que o avan\u00e7o tecnol\u00f3gico no campo tem sido determinante para ganhos de produtividade e competitividade internacional.<\/p>\n<p>Embora realizada no interior, a feira impacta diretamente a economia de todo o estado, incluindo a capital. S\u00e3o Paulo concentra empresas, centros de pesquisa e servi\u00e7os financeiros que sustentam a cadeia do agroneg\u00f3cio.<\/p>\n<p>A movimenta\u00e7\u00e3o econ\u00f4mica gerada pelo setor influencia empregos, exporta\u00e7\u00f5es e o desenvolvimento regional.<\/p>\n<p><strong>SERVI\u00c7O AO LEITOR<\/strong><br \/>Produtores e interessados no setor podem:<br \/>\u2714\ufe0f acompanhar programas de apoio no site do Governo do Estado de S\u00e3o Paulo<br \/>\u2714\ufe0f buscar linhas de cr\u00e9dito rural dispon\u00edveis<br \/>\u2714\ufe0f participar de eventos e feiras do agroneg\u00f3cio<br \/>\u2714\ufe0f consultar institui\u00e7\u00f5es de assist\u00eancia t\u00e9cnica<\/p>\n<p>O balan\u00e7o da Agrishow 2026 refor\u00e7a a relev\u00e2ncia do agroneg\u00f3cio paulista e seu potencial de crescimento. O volume de neg\u00f3cios evidencia a confian\u00e7a do setor e a import\u00e2ncia da inova\u00e7\u00e3o para o desenvolvimento econ\u00f4mico.<\/p>\n<p><strong>Editor-Executivo-Regional:<\/strong><br \/><strong>Vinicius Moror\u00f3 \u2013 Jornalista At\u00edpico<\/strong><\/p>\n<p><strong>HostingPRESS Ag\u00eancia de Not\u00edcias de S\u00e3o Paulo<\/strong><br \/>Conte\u00fado distribu\u00eddo por nossa Central de Jornalismo<br \/>Reprodu\u00e7\u00e3o autorizada mediante cr\u00e9dito da fonte<br \/>Portal criado para conectar os leitores da regi\u00e3o ao melhor conte\u00fado<br \/>Somos l\u00edderes de audi\u00eancia local. Somos sociais.\u00a0Conecte-se conosco.<\/p>\n<\/p><\/div>\n<section>  \t<img alt=\"Avatar photo\" src=\"https:\/\/hostingpress.com.br\/wp-content\/uploads\/2026\/03\/cropped-Divilgacao-95x95.jpeg\"  height=\"95\" width=\"95\" decoding=\"async\">\t \t<\/p>\n<div>\n<p>Vinicius Moror\u00f3<\/p>\n<p>Editor-Executivo-Regional | Jornalista | Diretor Editorial    Editor-Executivo-Regional da HostingPress Ag\u00eancia de Not\u00edcias de S\u00e3o Paulo, com atua\u00e7\u00e3o voltada \u00e0 coordena\u00e7\u00e3o editorial regional, articula\u00e7\u00e3o com ve\u00edculos parceiros e fortalecimento da distribui\u00e7\u00e3o de conte\u00fado jornal\u00edstico no Estado de S\u00e3o Paulo.      Editor-chefe do Jornal Impacto Cotia, com foco em jornalismo investigativo, interesse p\u00fablico e an\u00e1lise cr\u00edtica de temas pol\u00edticos, sociais e institucionais.<\/p>\n<\/p><\/div>\n<\/section>\n","protected":false},"excerpt":{"rendered":"<p>Balan\u00e7o do governo aponta crescimento nas negocia\u00e7\u00f5es e refor\u00e7a protagonismo do agro paulista O Governo do Estado de S\u00e3o Paulo divulgou o balan\u00e7o da participa\u00e7\u00e3o na Agrishow 2026, realizada em Ribeir\u00e3o Preto, com cerca de R$ 15 bilh\u00f5es em inten\u00e7\u00f5es de neg\u00f3cios. O resultado consolida o evento como um dos principais do setor agropecu\u00e1rio na<\/p>\n","protected":false},"author":808,"featured_media":156778,"comment_status":"closed","ping_status":"closed","sticky":false,"template":"","format":"standard","meta":{"footnotes":""},"categories":[32,1],"tags":[],"class_list":{"0":"post-156777","1":"post","2":"type-post","3":"status-publish","4":"format-standard","5":"has-post-thumbnail","7":"category-brasil","8":"category-todas-noticias"},"_links":{"self":[{"href":"https:\/\/obuxixeiro.com.br\/index.php?rest_route=\/wp\/v2\/posts\/156777","targetHints":{"allow":["GET"]}}],"collection":[{"href":"https:\/\/obuxixeiro.com.br\/index.php?rest_route=\/wp\/v2\/posts"}],"about":[{"href":"https:\/\/obuxixeiro.com.br\/index.php?rest_route=\/wp\/v2\/types\/post"}],"author":[{"embeddable":true,"href":"https:\/\/obuxixeiro.com.br\/index.php?rest_route=\/wp\/v2\/users\/808"}],"replies":[{"embeddable":true,"href":"https:\/\/obuxixeiro.com.br\/index.php?rest_route=%2Fwp%2Fv2%2Fcomments&post=156777"}],"version-history":[{"count":0,"href":"https:\/\/obuxixeiro.com.br\/index.php?rest_route=\/wp\/v2\/posts\/156777\/revisions"}],"wp:featuredmedia":[{"embeddable":true,"href":"https:\/\/obuxixeiro.com.br\/index.php?rest_route=\/wp\/v2\/media\/156778"}],"wp:attachment":[{"href":"https:\/\/obuxixeiro.com.br\/index.php?rest_route=%2Fwp%2Fv2%2Fmedia&parent=156777"}],"wp:term":[{"taxonomy":"category","embeddable":true,"href":"https:\/\/obuxixeiro.com.br\/index.php?rest_route=%2Fwp%2Fv2%2Fcategories&post=156777"},{"taxonomy":"post_tag","embeddable":true,"href":"https:\/\/obuxixeiro.com.br\/index.php?rest_route=%2Fwp%2Fv2%2Ftags&post=156777"}],"curies":[{"name":"wp","href":"https:\/\/api.w.org\/{rel}","templated":true}]}}