{"id":156781,"date":"2026-05-02T22:01:00","date_gmt":"2026-05-03T01:01:00","guid":{"rendered":"https:\/\/obuxixeiro.com.br\/?p=156781"},"modified":"2026-05-02T22:01:00","modified_gmt":"2026-05-03T01:01:00","slug":"trem-do-expresso-aeroporto-descarrila-na-zona-leste-e-suspende-operacao","status":"publish","type":"post","link":"https:\/\/obuxixeiro.com.br\/?p=156781","title":{"rendered":"Trem do Expresso Aeroporto descarrila na Zona Leste e suspende opera\u00e7\u00e3o"},"content":{"rendered":"\n<div>\n<p><strong>Passageiros caminharam pelos trilhos ap\u00f3s ocorr\u00eancia; circula\u00e7\u00e3o foi interrompida para seguran\u00e7a e apura\u00e7\u00e3o<\/strong><\/p>\n<p>Um trem do Expresso Aeroporto da CPTM descarrilou neste s\u00e1bado (2) na Zona Leste de S\u00e3o Paulo, provocando a suspens\u00e3o da opera\u00e7\u00e3o. Passageiros precisaram caminhar pela via f\u00e9rrea ap\u00f3s o incidente, que n\u00e3o deixou feridos graves.<\/p>\n<p>De acordo com a Companhia Paulista de Trens Metropolitanos (CPTM), o descarrilamento ocorreu durante a opera\u00e7\u00e3o do servi\u00e7o que conecta a capital ao aeroporto. T\u00e9cnicos foram acionados imediatamente para avaliar a situa\u00e7\u00e3o e garantir a seguran\u00e7a dos usu\u00e1rios.<\/p>\n<p>Imagens registradas no local mostram passageiros deixando o trem e seguindo pelos trilhos at\u00e9 um ponto seguro, procedimento adotado em situa\u00e7\u00f5es emergenciais sob orienta\u00e7\u00e3o operacional.<\/p>\n<p>Entre as medidas adotadas:<\/p>\n<ul>\n<li>interrup\u00e7\u00e3o imediata da circula\u00e7\u00e3o<\/li>\n<li>acionamento de equipes t\u00e9cnicas e de manuten\u00e7\u00e3o<\/li>\n<li>avalia\u00e7\u00e3o das condi\u00e7\u00f5es da via e dos vag\u00f5es<\/li>\n<\/ul>\n<p>A CPTM informou que trabalha para identificar as causas do descarrilamento e restabelecer o servi\u00e7o o mais r\u00e1pido poss\u00edvel.<\/p>\n<p>A Companhia Paulista de Trens Metropolitanos (CPTM) afirmou que a prioridade \u00e9 a seguran\u00e7a dos passageiros e que a opera\u00e7\u00e3o s\u00f3 ser\u00e1 retomada ap\u00f3s a conclus\u00e3o das verifica\u00e7\u00f5es t\u00e9cnicas.<\/p>\n<p><strong>Impacto na opera\u00e7\u00e3o ferrovi\u00e1ria<\/strong><br \/>O incidente afeta diretamente um dos servi\u00e7os de liga\u00e7\u00e3o com o aeroporto:<br \/>\u2714\ufe0f suspens\u00e3o tempor\u00e1ria do Expresso Aeroporto<br \/>\u2714\ufe0f necessidade de rotas alternativas<br \/>\u2714\ufe0f atrasos no deslocamento de passageiros<\/p>\n<p>Descarrilamentos s\u00e3o eventos raros no sistema ferrovi\u00e1rio urbano, que opera com protocolos r\u00edgidos de seguran\u00e7a. Quando ocorrem, exigem paralisa\u00e7\u00e3o imediata para inspe\u00e7\u00e3o completa da via, dos trens e dos sistemas operacionais.<\/p>\n<p>Especialistas em mobilidade destacam que a resposta r\u00e1pida reduz riscos e garante retomada segura do servi\u00e7o.<\/p>\n<p>Na capital paulista, o Expresso Aeroporto da CPTM \u00e9 uma alternativa importante para liga\u00e7\u00e3o com o Aeroporto Internacional de S\u00e3o Paulo\/Guarulhos. A interrup\u00e7\u00e3o impacta diretamente passageiros que dependem do transporte ferrovi\u00e1rio para viagens e deslocamentos urbanos.<\/p>\n<p>A Zona Leste, regi\u00e3o de grande fluxo di\u00e1rio, sofre efeitos imediatos em casos de paralisa\u00e7\u00e3o.<\/p>\n<p><strong>SERVI\u00c7O AO LEITOR<\/strong><br \/>Passageiros afetados devem:<br \/>\u2714\ufe0f acompanhar atualiza\u00e7\u00f5es nos canais oficiais da CPTM<br \/>\u2714\ufe0f buscar rotas alternativas por \u00f4nibus ou metr\u00f4<br \/>\u2714\ufe0f considerar aplicativos de mobilidade para planejamento de trajeto<br \/>\u2714\ufe0f evitar deslocamentos urgentes pela linha afetada at\u00e9 normaliza\u00e7\u00e3o<\/p>\n<p>O descarrilamento no Expresso Aeroporto interrompeu a opera\u00e7\u00e3o ferrovi\u00e1ria na Zona Leste e exigiu a\u00e7\u00e3o imediata das equipes t\u00e9cnicas. A retomada do servi\u00e7o depende da conclus\u00e3o das an\u00e1lises e da garantia de seguran\u00e7a plena para os passageiros.<\/p>\n<p><strong>Editor-Executivo-Regional:<\/strong><br \/><strong>Vinicius Moror\u00f3 \u2013 Jornalista At\u00edpico<\/strong><\/p>\n<p><strong>HostingPRESS Ag\u00eancia de Not\u00edcias de S\u00e3o Paulo<\/strong><br \/>Conte\u00fado distribu\u00eddo por nossa Central de Jornalismo<br \/>Reprodu\u00e7\u00e3o autorizada mediante cr\u00e9dito da fonte<br \/>Portal criado para conectar os leitores da regi\u00e3o ao melhor conte\u00fado<br \/>Somos l\u00edderes de audi\u00eancia local. Somos sociais.\u00a0Conecte-se conosco.<\/p>\n<\/p><\/div>\n<section>  \t<img alt=\"Avatar photo\" src=\"https:\/\/hostingpress.com.br\/wp-content\/uploads\/2026\/03\/cropped-Divilgacao-95x95.jpeg\"  height=\"95\" width=\"95\" decoding=\"async\">\t \t<\/p>\n<div>\n<p>Vinicius Moror\u00f3<\/p>\n<p>Editor-Executivo-Regional | Jornalista | Diretor Editorial    Editor-Executivo-Regional da HostingPress Ag\u00eancia de Not\u00edcias de S\u00e3o Paulo, com atua\u00e7\u00e3o voltada \u00e0 coordena\u00e7\u00e3o editorial regional, articula\u00e7\u00e3o com ve\u00edculos parceiros e fortalecimento da distribui\u00e7\u00e3o de conte\u00fado jornal\u00edstico no Estado de S\u00e3o Paulo.      Editor-chefe do Jornal Impacto Cotia, com foco em jornalismo investigativo, interesse p\u00fablico e an\u00e1lise cr\u00edtica de temas pol\u00edticos, sociais e institucionais.<\/p>\n<\/p><\/div>\n<\/section>\n","protected":false},"excerpt":{"rendered":"<p>Passageiros caminharam pelos trilhos ap\u00f3s ocorr\u00eancia; circula\u00e7\u00e3o foi interrompida para seguran\u00e7a e apura\u00e7\u00e3o Um trem do Expresso Aeroporto da CPTM descarrilou neste s\u00e1bado (2) na Zona Leste de S\u00e3o Paulo, provocando a suspens\u00e3o da opera\u00e7\u00e3o. Passageiros precisaram caminhar pela via f\u00e9rrea ap\u00f3s o incidente, que n\u00e3o deixou feridos graves. De acordo com a Companhia Paulista<\/p>\n","protected":false},"author":808,"featured_media":156782,"comment_status":"closed","ping_status":"closed","sticky":false,"template":"","format":"standard","meta":{"footnotes":""},"categories":[32,1],"tags":[],"class_list":{"0":"post-156781","1":"post","2":"type-post","3":"status-publish","4":"format-standard","5":"has-post-thumbnail","7":"category-brasil","8":"category-todas-noticias"},"_links":{"self":[{"href":"https:\/\/obuxixeiro.com.br\/index.php?rest_route=\/wp\/v2\/posts\/156781","targetHints":{"allow":["GET"]}}],"collection":[{"href":"https:\/\/obuxixeiro.com.br\/index.php?rest_route=\/wp\/v2\/posts"}],"about":[{"href":"https:\/\/obuxixeiro.com.br\/index.php?rest_route=\/wp\/v2\/types\/post"}],"author":[{"embeddable":true,"href":"https:\/\/obuxixeiro.com.br\/index.php?rest_route=\/wp\/v2\/users\/808"}],"replies":[{"embeddable":true,"href":"https:\/\/obuxixeiro.com.br\/index.php?rest_route=%2Fwp%2Fv2%2Fcomments&post=156781"}],"version-history":[{"count":0,"href":"https:\/\/obuxixeiro.com.br\/index.php?rest_route=\/wp\/v2\/posts\/156781\/revisions"}],"wp:featuredmedia":[{"embeddable":true,"href":"https:\/\/obuxixeiro.com.br\/index.php?rest_route=\/wp\/v2\/media\/156782"}],"wp:attachment":[{"href":"https:\/\/obuxixeiro.com.br\/index.php?rest_route=%2Fwp%2Fv2%2Fmedia&parent=156781"}],"wp:term":[{"taxonomy":"category","embeddable":true,"href":"https:\/\/obuxixeiro.com.br\/index.php?rest_route=%2Fwp%2Fv2%2Fcategories&post=156781"},{"taxonomy":"post_tag","embeddable":true,"href":"https:\/\/obuxixeiro.com.br\/index.php?rest_route=%2Fwp%2Fv2%2Ftags&post=156781"}],"curies":[{"name":"wp","href":"https:\/\/api.w.org\/{rel}","templated":true}]}}