{"id":156783,"date":"2026-05-02T22:41:52","date_gmt":"2026-05-03T01:41:52","guid":{"rendered":"https:\/\/obuxixeiro.com.br\/?p=156783"},"modified":"2026-05-02T22:41:52","modified_gmt":"2026-05-03T01:41:52","slug":"suspeito-de-estupro-coletivo-de-criancas-em-sp-e-preso-na-bahia-apos-operacao-policial","status":"publish","type":"post","link":"https:\/\/obuxixeiro.com.br\/?p=156783","title":{"rendered":"Suspeito de estupro coletivo de crian\u00e7as em SP \u00e9 preso na Bahia ap\u00f3s opera\u00e7\u00e3o policial"},"content":{"rendered":"\n<div>\n<p><strong>Homem era investigado por participa\u00e7\u00e3o em crime na capital paulista e foi localizado fora do estado<\/strong><\/p>\n<p>Um homem suspeito de envolvimento no estupro coletivo de crian\u00e7as em S\u00e3o Paulo foi preso na Bahia ap\u00f3s a\u00e7\u00e3o conjunta de for\u00e7as de seguran\u00e7a. A captura foi confirmada pela Pol\u00edcia Civil de S\u00e3o Paulo, que conduz a investiga\u00e7\u00e3o do caso.<\/p>\n<p>De acordo com a Pol\u00edcia Civil de S\u00e3o Paulo, o suspeito estava foragido desde a identifica\u00e7\u00e3o de sua participa\u00e7\u00e3o no crime ocorrido na capital paulista. Ele foi localizado em territ\u00f3rio baiano ap\u00f3s trabalho de intelig\u00eancia e coopera\u00e7\u00e3o entre estados.<\/p>\n<p>A pris\u00e3o ocorreu com apoio de for\u00e7as locais, ap\u00f3s troca de informa\u00e7\u00f5es que permitiu rastrear o paradeiro do investigado.<\/p>\n<p>As autoridades apuram:<\/p>\n<ul>\n<li>o grau de participa\u00e7\u00e3o do suspeito no crime<\/li>\n<li>a atua\u00e7\u00e3o conjunta com outros envolvidos<\/li>\n<li>eventuais crimes adicionais relacionados<\/li>\n<\/ul>\n<p>O homem ser\u00e1 transferido para S\u00e3o Paulo, onde dever\u00e1 responder judicialmente.<\/p>\n<p>A Pol\u00edcia Civil informou que a pris\u00e3o representa avan\u00e7o significativo na responsabiliza\u00e7\u00e3o dos envolvidos e que as investiga\u00e7\u00f5es seguem para esclarecer todos os detalhes do caso.<\/p>\n<p><strong>Coopera\u00e7\u00e3o entre estados foi decisiva<\/strong><\/p>\n<p>A localiza\u00e7\u00e3o do suspeito envolveu integra\u00e7\u00e3o entre for\u00e7as de seguran\u00e7a:<\/p>\n<p>\u2714\ufe0f troca de dados de intelig\u00eancia<br \/>\u2714\ufe0f monitoramento interestadual<br \/>\u2714\ufe0f atua\u00e7\u00e3o conjunta para cumprimento da pris\u00e3o<\/p>\n<p>Crimes dessa natureza s\u00e3o tratados com prioridade m\u00e1xima pelas autoridades e envolvem protocolos rigorosos de investiga\u00e7\u00e3o e prote\u00e7\u00e3o \u00e0s v\u00edtimas. A legisla\u00e7\u00e3o brasileira prev\u00ea puni\u00e7\u00f5es severas, especialmente quando h\u00e1 v\u00edtimas menores de idade.<\/p>\n<p>O procedimento segue diretrizes do Estatuto da Crian\u00e7a e do Adolescente (ECA), que assegura prote\u00e7\u00e3o integral \u00e0s crian\u00e7as e adolescentes.<\/p>\n<p>O caso tem origem na capital paulista, onde a investiga\u00e7\u00e3o foi iniciada e onde est\u00e3o concentrados os desdobramentos judiciais. A atua\u00e7\u00e3o da pol\u00edcia reflete a estrutura de investiga\u00e7\u00e3o da cidade, que conta com delegacias especializadas em crimes contra menores.<\/p>\n<p>A repercuss\u00e3o tamb\u00e9m mobiliza a rede de prote\u00e7\u00e3o \u00e0 inf\u00e2ncia na Regi\u00e3o Metropolitana.<\/p>\n<p><strong>SERVI\u00c7O AO LEITOR<\/strong><\/p>\n<p>Casos de viol\u00eancia contra crian\u00e7as devem ser denunciados imediatamente:<\/p>\n<p>\u2714\ufe0f Disque 100 (Direitos Humanos)<br \/>\u2714\ufe0f Pol\u00edcia Militar (190) em emerg\u00eancias<br \/>\u2714\ufe0f Delegacias da Pol\u00edcia Civil de S\u00e3o Paulo<br \/>\u2714\ufe0f Conselho Tutelar da regi\u00e3o<\/p>\n<p>As den\u00fancias podem ser feitas de forma an\u00f4nima.<\/p>\n<p>A pris\u00e3o do suspeito na Bahia representa avan\u00e7o na investiga\u00e7\u00e3o de um crime grave ocorrido em S\u00e3o Paulo. O caso segue em apura\u00e7\u00e3o para garantir a responsabiliza\u00e7\u00e3o de todos os envolvidos e a prote\u00e7\u00e3o das v\u00edtimas.<\/p>\n<p><strong>Editor-Executivo-Regional:<\/strong><br \/><strong>Vinicius Moror\u00f3 \u2013 Jornalista At\u00edpico<\/strong><\/p>\n<p><strong>HostingPRESS Ag\u00eancia de Not\u00edcias de S\u00e3o Paulo<\/strong><br \/>Conte\u00fado distribu\u00eddo por nossa Central de Jornalismo<br \/>Reprodu\u00e7\u00e3o autorizada mediante cr\u00e9dito da fonte<br \/>Portal criado para conectar os leitores da regi\u00e3o ao melhor conte\u00fado<br \/>Somos l\u00edderes de audi\u00eancia local. Somos sociais.\u00a0Conecte-se conosco.<\/p>\n<\/p><\/div>\n<section>  \t<img alt=\"Avatar photo\" src=\"https:\/\/hostingpress.com.br\/wp-content\/uploads\/2026\/03\/cropped-Divilgacao-95x95.jpeg\"  height=\"95\" width=\"95\" decoding=\"async\">\t \t<\/p>\n<div>\n<p>Vinicius Moror\u00f3<\/p>\n<p>Editor-Executivo-Regional | Jornalista | Diretor Editorial    Editor-Executivo-Regional da HostingPress Ag\u00eancia de Not\u00edcias de S\u00e3o Paulo, com atua\u00e7\u00e3o voltada \u00e0 coordena\u00e7\u00e3o editorial regional, articula\u00e7\u00e3o com ve\u00edculos parceiros e fortalecimento da distribui\u00e7\u00e3o de conte\u00fado jornal\u00edstico no Estado de S\u00e3o Paulo.      Editor-chefe do Jornal Impacto Cotia, com foco em jornalismo investigativo, interesse p\u00fablico e an\u00e1lise cr\u00edtica de temas pol\u00edticos, sociais e institucionais.<\/p>\n<\/p><\/div>\n<\/section>\n","protected":false},"excerpt":{"rendered":"<p>Homem era investigado por participa\u00e7\u00e3o em crime na capital paulista e foi localizado fora do estado Um homem suspeito de envolvimento no estupro coletivo de crian\u00e7as em S\u00e3o Paulo foi preso na Bahia ap\u00f3s a\u00e7\u00e3o conjunta de for\u00e7as de seguran\u00e7a. A captura foi confirmada pela Pol\u00edcia Civil de S\u00e3o Paulo, que conduz a investiga\u00e7\u00e3o do<\/p>\n","protected":false},"author":34,"featured_media":156784,"comment_status":"closed","ping_status":"closed","sticky":false,"template":"","format":"standard","meta":{"footnotes":""},"categories":[34],"tags":[],"class_list":{"0":"post-156783","1":"post","2":"type-post","3":"status-publish","4":"format-standard","5":"has-post-thumbnail","7":"category-policia"},"_links":{"self":[{"href":"https:\/\/obuxixeiro.com.br\/index.php?rest_route=\/wp\/v2\/posts\/156783","targetHints":{"allow":["GET"]}}],"collection":[{"href":"https:\/\/obuxixeiro.com.br\/index.php?rest_route=\/wp\/v2\/posts"}],"about":[{"href":"https:\/\/obuxixeiro.com.br\/index.php?rest_route=\/wp\/v2\/types\/post"}],"author":[{"embeddable":true,"href":"https:\/\/obuxixeiro.com.br\/index.php?rest_route=\/wp\/v2\/users\/34"}],"replies":[{"embeddable":true,"href":"https:\/\/obuxixeiro.com.br\/index.php?rest_route=%2Fwp%2Fv2%2Fcomments&post=156783"}],"version-history":[{"count":0,"href":"https:\/\/obuxixeiro.com.br\/index.php?rest_route=\/wp\/v2\/posts\/156783\/revisions"}],"wp:featuredmedia":[{"embeddable":true,"href":"https:\/\/obuxixeiro.com.br\/index.php?rest_route=\/wp\/v2\/media\/156784"}],"wp:attachment":[{"href":"https:\/\/obuxixeiro.com.br\/index.php?rest_route=%2Fwp%2Fv2%2Fmedia&parent=156783"}],"wp:term":[{"taxonomy":"category","embeddable":true,"href":"https:\/\/obuxixeiro.com.br\/index.php?rest_route=%2Fwp%2Fv2%2Fcategories&post=156783"},{"taxonomy":"post_tag","embeddable":true,"href":"https:\/\/obuxixeiro.com.br\/index.php?rest_route=%2Fwp%2Fv2%2Ftags&post=156783"}],"curies":[{"name":"wp","href":"https:\/\/api.w.org\/{rel}","templated":true}]}}