{"id":156785,"date":"2026-05-02T22:41:51","date_gmt":"2026-05-03T01:41:51","guid":{"rendered":"https:\/\/obuxixeiro.com.br\/?p=156785"},"modified":"2026-05-02T22:41:51","modified_gmt":"2026-05-03T01:41:51","slug":"mulher-e-morta-a-tiros-pelo-marido-na-grande-sp-policia-investiga-como-feminicidio","status":"publish","type":"post","link":"https:\/\/obuxixeiro.com.br\/?p=156785","title":{"rendered":"Mulher \u00e9 morta a tiros pelo marido na Grande SP; pol\u00edcia investiga como feminic\u00eddio"},"content":{"rendered":"\n<div>\n<p><strong>Suspeito foi preso em flagrante e caso \u00e9 tratado como viol\u00eancia dom\u00e9stica com base na Lei Maria da Penha<\/strong><\/p>\n<p>Uma mulher foi morta a tiros pelo marido na Regi\u00e3o Metropolitana de S\u00e3o Paulo. O crime ocorreu recentemente e \u00e9 investigado como feminic\u00eddio pela Pol\u00edcia Civil de S\u00e3o Paulo. O suspeito foi preso em flagrante ap\u00f3s a ocorr\u00eancia.<\/p>\n<p>De acordo com a Pol\u00edcia Civil de S\u00e3o Paulo, o crime aconteceu em contexto de viol\u00eancia dom\u00e9stica. O homem foi detido e encaminhado \u00e0s autoridades, onde permanece \u00e0 disposi\u00e7\u00e3o da Justi\u00e7a.<\/p>\n<p>A investiga\u00e7\u00e3o apura as circunst\u00e2ncias do homic\u00eddio, incluindo hist\u00f3rico de relacionamento, poss\u00edveis epis\u00f3dios anteriores de agress\u00e3o e a din\u00e2mica do crime.<\/p>\n<p>Entre as medidas adotadas est\u00e3o:<\/p>\n<ul>\n<li>coleta de depoimentos de testemunhas<\/li>\n<li>an\u00e1lise de provas periciais<\/li>\n<li>levantamento de antecedentes de viol\u00eancia<\/li>\n<\/ul>\n<p>A Pol\u00edcia Civil informou que o caso est\u00e1 sendo conduzido com prioridade e ser\u00e1 enquadrado conforme a legisla\u00e7\u00e3o vigente para crimes de feminic\u00eddio.<\/p>\n<p><strong>Feminic\u00eddio \u00e9 crime previsto em lei<\/strong><\/p>\n<p>O feminic\u00eddio \u00e9 caracterizado quando o assassinato de uma mulher ocorre em raz\u00e3o de sua condi\u00e7\u00e3o de g\u00eanero.<\/p>\n<p>\u2714\ufe0f previsto no C\u00f3digo Penal brasileiro<br \/>\u2714\ufe0f agravante do crime de homic\u00eddio<br \/>\u2714\ufe0f penas mais severas<\/p>\n<p>A prote\u00e7\u00e3o \u00e0s v\u00edtimas \u00e9 refor\u00e7ada pela Lei Maria da Penha, que estabelece mecanismos para coibir a viol\u00eancia dom\u00e9stica.<\/p>\n<p>Casos de viol\u00eancia contra a mulher continuam sendo um desafio para a seguran\u00e7a p\u00fablica no Brasil. Especialistas em direito penal e pol\u00edticas p\u00fablicas destacam a import\u00e2ncia de den\u00fancias precoces e medidas protetivas para evitar desfechos fatais.<\/p>\n<p>A legisla\u00e7\u00e3o brasileira prev\u00ea instrumentos como medidas protetivas de urg\u00eancia, que podem afastar o agressor e proteger a v\u00edtima.<\/p>\n<p>Na Regi\u00e3o Metropolitana de S\u00e3o Paulo, a rede de atendimento inclui delegacias especializadas, centros de refer\u00eancia e servi\u00e7os de apoio psicol\u00f3gico e jur\u00eddico. A alta densidade populacional exige estrutura robusta para atendimento e preven\u00e7\u00e3o de casos de viol\u00eancia dom\u00e9stica.<\/p>\n<p><strong>SERVI\u00c7O AO LEITOR:<\/strong><\/p>\n<p>Mulheres em situa\u00e7\u00e3o de risco podem buscar ajuda imediata:<\/p>\n<p>\u2714\ufe0f Ligue 190 em caso de emerg\u00eancia<br \/>\u2714\ufe0f Central de Atendimento \u00e0 Mulher \u00a0180<br \/>\u2714\ufe0f Delegacias da Pol\u00edcia Civil de S\u00e3o Paulo<br \/>\u2714\ufe0f Centros de refer\u00eancia de atendimento \u00e0 mulher<\/p>\n<p>Den\u00fancias podem ser feitas de forma an\u00f4nima e gratuita.<\/p>\n<p>O caso \u00e9 investigado como feminic\u00eddio e refor\u00e7a a gravidade da viol\u00eancia dom\u00e9stica. A atua\u00e7\u00e3o r\u00e1pida das autoridades e o acesso a canais de den\u00fancia s\u00e3o fundamentais para a prote\u00e7\u00e3o de v\u00edtimas e responsabiliza\u00e7\u00e3o dos agressores.<\/p>\n<p><strong>Editor-Executivo-Regional:<\/strong><br \/><strong>Vinicius Moror\u00f3 \u2013 Jornalista At\u00edpico<\/strong><\/p>\n<p><strong>HostingPRESS Ag\u00eancia de Not\u00edcias de S\u00e3o Paulo<\/strong><br \/>Conte\u00fado distribu\u00eddo por nossa Central de Jornalismo<br \/>Reprodu\u00e7\u00e3o autorizada mediante cr\u00e9dito da fonte<br \/>Portal criado para conectar os leitores da regi\u00e3o ao melhor conte\u00fado<br \/>Somos l\u00edderes de audi\u00eancia local. Somos sociais.\u00a0Conecte-se conosco.<\/p>\n<\/p><\/div>\n<section>  \t<img alt=\"Avatar photo\" src=\"https:\/\/hostingpress.com.br\/wp-content\/uploads\/2026\/03\/cropped-Divilgacao-95x95.jpeg\"  height=\"95\" width=\"95\" decoding=\"async\">\t \t<\/p>\n<div>\n<p>Vinicius Moror\u00f3<\/p>\n<p>Editor-Executivo-Regional | Jornalista | Diretor Editorial    Editor-Executivo-Regional da HostingPress Ag\u00eancia de Not\u00edcias de S\u00e3o Paulo, com atua\u00e7\u00e3o voltada \u00e0 coordena\u00e7\u00e3o editorial regional, articula\u00e7\u00e3o com ve\u00edculos parceiros e fortalecimento da distribui\u00e7\u00e3o de conte\u00fado jornal\u00edstico no Estado de S\u00e3o Paulo.      Editor-chefe do Jornal Impacto Cotia, com foco em jornalismo investigativo, interesse p\u00fablico e an\u00e1lise cr\u00edtica de temas pol\u00edticos, sociais e institucionais.<\/p>\n<\/p><\/div>\n<\/section>\n","protected":false},"excerpt":{"rendered":"<p>Suspeito foi preso em flagrante e caso \u00e9 tratado como viol\u00eancia dom\u00e9stica com base na Lei Maria da Penha Uma mulher foi morta a tiros pelo marido na Regi\u00e3o Metropolitana de S\u00e3o Paulo. O crime ocorreu recentemente e \u00e9 investigado como feminic\u00eddio pela Pol\u00edcia Civil de S\u00e3o Paulo. O suspeito foi preso em flagrante ap\u00f3s<\/p>\n","protected":false},"author":809,"featured_media":156786,"comment_status":"closed","ping_status":"closed","sticky":false,"template":"","format":"standard","meta":{"footnotes":""},"categories":[34],"tags":[],"class_list":{"0":"post-156785","1":"post","2":"type-post","3":"status-publish","4":"format-standard","5":"has-post-thumbnail","7":"category-policia"},"_links":{"self":[{"href":"https:\/\/obuxixeiro.com.br\/index.php?rest_route=\/wp\/v2\/posts\/156785","targetHints":{"allow":["GET"]}}],"collection":[{"href":"https:\/\/obuxixeiro.com.br\/index.php?rest_route=\/wp\/v2\/posts"}],"about":[{"href":"https:\/\/obuxixeiro.com.br\/index.php?rest_route=\/wp\/v2\/types\/post"}],"author":[{"embeddable":true,"href":"https:\/\/obuxixeiro.com.br\/index.php?rest_route=\/wp\/v2\/users\/809"}],"replies":[{"embeddable":true,"href":"https:\/\/obuxixeiro.com.br\/index.php?rest_route=%2Fwp%2Fv2%2Fcomments&post=156785"}],"version-history":[{"count":0,"href":"https:\/\/obuxixeiro.com.br\/index.php?rest_route=\/wp\/v2\/posts\/156785\/revisions"}],"wp:featuredmedia":[{"embeddable":true,"href":"https:\/\/obuxixeiro.com.br\/index.php?rest_route=\/wp\/v2\/media\/156786"}],"wp:attachment":[{"href":"https:\/\/obuxixeiro.com.br\/index.php?rest_route=%2Fwp%2Fv2%2Fmedia&parent=156785"}],"wp:term":[{"taxonomy":"category","embeddable":true,"href":"https:\/\/obuxixeiro.com.br\/index.php?rest_route=%2Fwp%2Fv2%2Fcategories&post=156785"},{"taxonomy":"post_tag","embeddable":true,"href":"https:\/\/obuxixeiro.com.br\/index.php?rest_route=%2Fwp%2Fv2%2Ftags&post=156785"}],"curies":[{"name":"wp","href":"https:\/\/api.w.org\/{rel}","templated":true}]}}