{"id":156821,"date":"2026-05-02T22:23:00","date_gmt":"2026-05-03T01:23:00","guid":{"rendered":"https:\/\/obuxixeiro.com.br\/?p=156821"},"modified":"2026-05-02T22:23:00","modified_gmt":"2026-05-03T01:23:00","slug":"sao-paulo-tera-chuvas-fortes-neste-domingo-apos-rajadas-intensas-de-vento-no-litoral-2","status":"publish","type":"post","link":"https:\/\/obuxixeiro.com.br\/?p=156821","title":{"rendered":"S\u00e3o Paulo ter\u00e1 chuvas fortes neste domingo ap\u00f3s rajadas intensas de vento no litoral"},"content":{"rendered":"\n<div>\n<p><strong>Defesa Civil alerta para risco de temporais, quedas de \u00e1rvores e transtornos em diversas regi\u00f5es do estado<\/strong><\/p>\n<p>O estado de S\u00e3o Paulo deve registrar chuvas fortes neste domingo (3), ap\u00f3s rajadas intensas de vento atingirem o litoral. O alerta foi emitido pela Defesa Civil do Estado de S\u00e3o Paulo, que orienta a popula\u00e7\u00e3o sobre riscos associados a temporais.<\/p>\n<p>Segundo a Defesa Civil do Estado de S\u00e3o Paulo, a mudan\u00e7a nas condi\u00e7\u00f5es clim\u00e1ticas ocorre devido \u00e0 atua\u00e7\u00e3o de instabilidades atmosf\u00e9ricas que avan\u00e7am pelo estado ap\u00f3s registros de ventos fortes em \u00e1reas litor\u00e2neas.<\/p>\n<p>A previs\u00e3o indica possibilidade de:<\/p>\n<ul>\n<li>chuvas intensas em curto per\u00edodo<\/li>\n<li>rajadas de vento em diferentes regi\u00f5es<\/li>\n<li>descargas el\u00e9tricas<\/li>\n<li>risco de alagamentos e quedas de \u00e1rvores<\/li>\n<\/ul>\n<p>As \u00e1reas mais suscet\u00edveis incluem a Regi\u00e3o Metropolitana, o litoral e cidades do interior.<\/p>\n<p>De acordo com a Defesa Civil, equipes est\u00e3o em monitoramento cont\u00ednuo e podem ser acionadas em caso de ocorr\u00eancias relacionadas ao mau tempo.<\/p>\n<p><strong>Orienta\u00e7\u00f5es \u00e0 popula\u00e7\u00e3o<\/strong><br \/>Diante do cen\u00e1rio de instabilidade, o \u00f3rg\u00e3o refor\u00e7a medidas preventivas:<br \/>\u2714\ufe0f evitar \u00e1reas alagadas<br \/>\u2714\ufe0f n\u00e3o se abrigar sob \u00e1rvores durante tempestades<br \/>\u2714\ufe0f manter dist\u00e2ncia de estruturas met\u00e1licas e redes el\u00e9tricas<br \/>\u2714\ufe0f acompanhar alertas meteorol\u00f3gicos em tempo real<\/p>\n<p>Eventos de chuva intensa s\u00e3o comuns em per\u00edodos de transi\u00e7\u00e3o clim\u00e1tica e podem provocar impactos urbanos relevantes, especialmente em cidades com alta densidade populacional.<\/p>\n<p>Especialistas em meteorologia destacam que a combina\u00e7\u00e3o de calor e umidade favorece a forma\u00e7\u00e3o de tempestades r\u00e1pidas e localizadas.<\/p>\n<p>Na capital e na Regi\u00e3o Metropolitana, o risco de alagamentos e quedas de energia \u00e9 ampliado devido \u00e0 urbaniza\u00e7\u00e3o intensa e \u00e0 impermeabiliza\u00e7\u00e3o do solo. \u00c1reas com hist\u00f3rico de enchentes exigem aten\u00e7\u00e3o redobrada da popula\u00e7\u00e3o.<\/p>\n<p><strong>SERVI\u00c7O AO LEITOR<\/strong><br \/>Em situa\u00e7\u00f5es de emerg\u00eancia:<br \/>\u2714\ufe0f acionar a Defesa Civil pelo telefone 199<br \/>\u2714\ufe0f ligar para o Corpo de Bombeiros no 193<br \/>\u2714\ufe0f evitar deslocamentos durante tempestades intensas<br \/>\u2714\ufe0f seguir orienta\u00e7\u00f5es das autoridades locais<\/p>\n<p>A previs\u00e3o de chuvas fortes neste domingo refor\u00e7a a necessidade de aten\u00e7\u00e3o e preven\u00e7\u00e3o em todo o estado de S\u00e3o Paulo. O acompanhamento dos alertas oficiais \u00e9 essencial para reduzir riscos e evitar acidentes.<\/p>\n<p><strong>Editor-Executivo-Regional:<\/strong><br \/><strong>Vinicius Moror\u00f3 \u2013 Jornalista At\u00edpico<\/strong><\/p>\n<p><strong>HostingPRESS Ag\u00eancia de Not\u00edcias de S\u00e3o Paulo<\/strong><br \/>Conte\u00fado distribu\u00eddo por nossa Central de Jornalismo<br \/>Reprodu\u00e7\u00e3o autorizada mediante cr\u00e9dito da fonte<br \/>Portal criado para conectar os leitores da regi\u00e3o ao melhor conte\u00fado<br \/>Somos l\u00edderes de audi\u00eancia local. Somos sociais.\u00a0Conecte-se conosco.<\/p>\n<\/p><\/div>\n<section>  \t<img alt=\"Avatar photo\" src=\"https:\/\/hostingpress.com.br\/wp-content\/uploads\/2026\/03\/cropped-Divilgacao-95x95.jpeg\"  height=\"95\" width=\"95\" decoding=\"async\">\t \t<\/p>\n<div>\n<p>Vinicius Moror\u00f3<\/p>\n<p>Editor-Executivo-Regional | Jornalista | Diretor Editorial    Editor-Executivo-Regional da HostingPress Ag\u00eancia de Not\u00edcias de S\u00e3o Paulo, com atua\u00e7\u00e3o voltada \u00e0 coordena\u00e7\u00e3o editorial regional, articula\u00e7\u00e3o com ve\u00edculos parceiros e fortalecimento da distribui\u00e7\u00e3o de conte\u00fado jornal\u00edstico no Estado de S\u00e3o Paulo.      Editor-chefe do Jornal Impacto Cotia, com foco em jornalismo investigativo, interesse p\u00fablico e an\u00e1lise cr\u00edtica de temas pol\u00edticos, sociais e institucionais.<\/p>\n<\/p><\/div>\n<\/section>\n","protected":false},"excerpt":{"rendered":"<p>Defesa Civil alerta para risco de temporais, quedas de \u00e1rvores e transtornos em diversas regi\u00f5es do estado O estado de S\u00e3o Paulo deve registrar chuvas fortes neste domingo (3), ap\u00f3s rajadas intensas de vento atingirem o litoral. O alerta foi emitido pela Defesa Civil do Estado de S\u00e3o Paulo, que orienta a popula\u00e7\u00e3o sobre riscos<\/p>\n","protected":false},"author":808,"featured_media":156822,"comment_status":"closed","ping_status":"closed","sticky":false,"template":"","format":"standard","meta":{"footnotes":""},"categories":[32,1],"tags":[],"class_list":{"0":"post-156821","1":"post","2":"type-post","3":"status-publish","4":"format-standard","5":"has-post-thumbnail","7":"category-brasil","8":"category-todas-noticias"},"_links":{"self":[{"href":"https:\/\/obuxixeiro.com.br\/index.php?rest_route=\/wp\/v2\/posts\/156821","targetHints":{"allow":["GET"]}}],"collection":[{"href":"https:\/\/obuxixeiro.com.br\/index.php?rest_route=\/wp\/v2\/posts"}],"about":[{"href":"https:\/\/obuxixeiro.com.br\/index.php?rest_route=\/wp\/v2\/types\/post"}],"author":[{"embeddable":true,"href":"https:\/\/obuxixeiro.com.br\/index.php?rest_route=\/wp\/v2\/users\/808"}],"replies":[{"embeddable":true,"href":"https:\/\/obuxixeiro.com.br\/index.php?rest_route=%2Fwp%2Fv2%2Fcomments&post=156821"}],"version-history":[{"count":0,"href":"https:\/\/obuxixeiro.com.br\/index.php?rest_route=\/wp\/v2\/posts\/156821\/revisions"}],"wp:featuredmedia":[{"embeddable":true,"href":"https:\/\/obuxixeiro.com.br\/index.php?rest_route=\/wp\/v2\/media\/156822"}],"wp:attachment":[{"href":"https:\/\/obuxixeiro.com.br\/index.php?rest_route=%2Fwp%2Fv2%2Fmedia&parent=156821"}],"wp:term":[{"taxonomy":"category","embeddable":true,"href":"https:\/\/obuxixeiro.com.br\/index.php?rest_route=%2Fwp%2Fv2%2Fcategories&post=156821"},{"taxonomy":"post_tag","embeddable":true,"href":"https:\/\/obuxixeiro.com.br\/index.php?rest_route=%2Fwp%2Fv2%2Ftags&post=156821"}],"curies":[{"name":"wp","href":"https:\/\/api.w.org\/{rel}","templated":true}]}}